{"id":9075,"date":"2019-10-29T11:47:00","date_gmt":"2019-10-29T10:47:00","guid":{"rendered":"https:\/\/trail-aneto.com\/?p=9075"},"modified":"2020-02-20T11:53:23","modified_gmt":"2020-02-20T10:53:23","slug":"cena-de-la-montana-de-la-fam","status":"publish","type":"post","link":"https:\/\/trail-aneto.com\/en\/cena-de-la-montana-de-la-fam\/","title":{"rendered":"FAM Mountain Dinner"},"content":{"rendered":"<p>This past Friday, October 25, the XXIV was celebrated <strong>Mountain dinner<\/strong> of the <strong>Aragonese Mountain Federation<\/strong>, where the volunteer clubs of the Great Trail Aneto Posets picked up the <strong>FIATC Award for Human Values<\/strong>.<\/p>\n\n\n\n<div class=\"wp-block-image\"><figure class=\"aligncenter size-large\"><img loading=\"lazy\" decoding=\"async\" width=\"1024\" height=\"684\" src=\"https:\/\/trail-aneto.com\/wp-content\/uploads\/2020\/02\/72469653_2991127090900621_6744940667409006592_o-1024x684.jpg\" alt=\"\" class=\"wp-image-9076\" srcset=\"https:\/\/trail-aneto.com\/wp-content\/uploads\/2020\/02\/72469653_2991127090900621_6744940667409006592_o-1024x684.jpg 1024w, https:\/\/trail-aneto.com\/wp-content\/uploads\/2020\/02\/72469653_2991127090900621_6744940667409006592_o-300x200.jpg 300w, https:\/\/trail-aneto.com\/wp-content\/uploads\/2020\/02\/72469653_2991127090900621_6744940667409006592_o-768x513.jpg 768w, https:\/\/trail-aneto.com\/wp-content\/uploads\/2020\/02\/72469653_2991127090900621_6744940667409006592_o-1536x1026.jpg 1536w, https:\/\/trail-aneto.com\/wp-content\/uploads\/2020\/02\/72469653_2991127090900621_6744940667409006592_o.jpg 1600w\" sizes=\"auto, (max-width: 1024px) 100vw, 1024px\" \/><\/figure><\/div>\n\n\n\n<p>We take this opportunity to thank all the collaborating clubs for their invaluable help. They bring the mountaineering spirit and club culture to the Great Trail Aneto-Posets. Implication and very necessary values for the test to continue as we understand the mountaineers.<\/p>\n\n\n\n<figure class=\"wp-block-image size-large\"><img loading=\"lazy\" decoding=\"async\" width=\"960\" height=\"640\" src=\"https:\/\/trail-aneto.com\/wp-content\/uploads\/2020\/02\/73216147_2991127067567290_7263972213701738496_n.jpg\" alt=\"\" class=\"wp-image-9077\" srcset=\"https:\/\/trail-aneto.com\/wp-content\/uploads\/2020\/02\/73216147_2991127067567290_7263972213701738496_n.jpg 960w, https:\/\/trail-aneto.com\/wp-content\/uploads\/2020\/02\/73216147_2991127067567290_7263972213701738496_n-300x200.jpg 300w, https:\/\/trail-aneto.com\/wp-content\/uploads\/2020\/02\/73216147_2991127067567290_7263972213701738496_n-768x512.jpg 768w\" sizes=\"auto, (max-width: 960px) 100vw, 960px\" \/><\/figure>\n\n\n\n<p>Thanks: CAS Club Atletico Sobrarbe, Mountain Litera Club, Pyrenees Mountain Club - Zaragoza, Monta\u00f1eros de Aragon, Monta\u00f1eros de Arag\u00f3n - Barbastro, Montisonense Mountain Club, Pe\u00f1a Guara, Os Andarines d&#039;Arag\u00f3n Sports Association, Alpine Javalambre Group, Mountain Club Exea, Campo de Borja Mountain Club.<\/p>","protected":false},"excerpt":{"rendered":"<p>Este pasado viernes 25 de octubre se celebr\u00f3 la XXIV Cena de la Monta\u00f1a de la Federaci\u00f3n Aragonesa de Monta\u00f1a, donde los clubes voluntarios del Gran Trail Aneto Posets recogieron el premio FIATC a los Valores Humanos. Aprovechamos para agradecer a todos los clubs colaboradores&#8230;<\/p>","protected":false},"author":3,"featured_media":9077,"comment_status":"open","ping_status":"closed","sticky":false,"template":"","format":"standard","meta":{"footnotes":""},"categories":[255],"tags":[311,312,309],"class_list":["post-9075","post","type-post","status-publish","format-standard","has-post-thumbnail","hentry","category-noticias","tag-fam","tag-federacionaragonesademontana","tag-grantrailanetoposets"],"yoast_head":"<!-- This site is optimized with the Yoast SEO plugin v27.4 - https:\/\/yoast.com\/product\/yoast-seo-wordpress\/ -->\n<title>Cena de la Monta\u00f1a de la FAM - GTTAP<\/title>\n<meta name=\"robots\" content=\"index, follow, max-snippet:-1, max-image-preview:large, max-video-preview:-1\" \/>\n<link rel=\"canonical\" href=\"https:\/\/trail-aneto.com\/en\/cena-de-la-montana-de-la-fam\/\" \/>\n<meta property=\"og:locale\" content=\"en_GB\" \/>\n<meta property=\"og:type\" content=\"article\" \/>\n<meta property=\"og:title\" content=\"Cena de la Monta\u00f1a de la FAM - GTTAP\" \/>\n<meta property=\"og:description\" content=\"Este pasado viernes 25 de octubre se celebr\u00f3 la XXIV Cena de la Monta\u00f1a de la Federaci\u00f3n Aragonesa de Monta\u00f1a, donde los clubes voluntarios del Gran Trail Aneto Posets recogieron el premio FIATC a los Valores Humanos. Aprovechamos para agradecer a todos los clubs colaboradores...\" \/>\n<meta property=\"og:url\" content=\"https:\/\/trail-aneto.com\/en\/cena-de-la-montana-de-la-fam\/\" \/>\n<meta property=\"og:site_name\" content=\"GTTAP\" \/>\n<meta property=\"article:publisher\" content=\"https:\/\/www.facebook.com\/GranTrailAnetoPosets\/\" \/>\n<meta property=\"article:published_time\" content=\"2019-10-29T10:47:00+00:00\" \/>\n<meta property=\"article:modified_time\" content=\"2020-02-20T10:53:23+00:00\" \/>\n<meta property=\"og:image\" content=\"https:\/\/trail-aneto.com\/wp-content\/uploads\/2020\/02\/73216147_2991127067567290_7263972213701738496_n.jpg\" \/>\n\t<meta property=\"og:image:width\" content=\"960\" \/>\n\t<meta property=\"og:image:height\" content=\"640\" \/>\n\t<meta property=\"og:image:type\" content=\"image\/jpeg\" \/>\n<meta name=\"author\" content=\"Sara Guerin Bonet\" \/>\n<meta name=\"twitter:card\" content=\"summary_large_image\" \/>\n<meta name=\"twitter:label1\" content=\"Written by\" \/>\n\t<meta name=\"twitter:data1\" content=\"Sara Guerin Bonet\" \/>\n\t<meta name=\"twitter:label2\" content=\"Estimated reading time\" \/>\n\t<meta name=\"twitter:data2\" content=\"1 minute\" \/>\n<script type=\"application\/ld+json\" class=\"yoast-schema-graph\">{\"@context\":\"https:\\\/\\\/schema.org\",\"@graph\":[{\"@type\":\"Article\",\"@id\":\"https:\\\/\\\/trail-aneto.com\\\/fr\\\/cena-de-la-montana-de-la-fam\\\/#article\",\"isPartOf\":{\"@id\":\"https:\\\/\\\/trail-aneto.com\\\/fr\\\/cena-de-la-montana-de-la-fam\\\/\"},\"author\":{\"name\":\"Sara Guerin Bonet\",\"@id\":\"https:\\\/\\\/trail-aneto.com\\\/#\\\/schema\\\/person\\\/e843a80cb50850cecefd7ed1e7c40092\"},\"headline\":\"Cena de la Monta\u00f1a de la FAM\",\"datePublished\":\"2019-10-29T10:47:00+00:00\",\"dateModified\":\"2020-02-20T10:53:23+00:00\",\"mainEntityOfPage\":{\"@id\":\"https:\\\/\\\/trail-aneto.com\\\/fr\\\/cena-de-la-montana-de-la-fam\\\/\"},\"wordCount\":151,\"commentCount\":0,\"publisher\":{\"@id\":\"https:\\\/\\\/trail-aneto.com\\\/#organization\"},\"image\":{\"@id\":\"https:\\\/\\\/trail-aneto.com\\\/fr\\\/cena-de-la-montana-de-la-fam\\\/#primaryimage\"},\"thumbnailUrl\":\"https:\\\/\\\/trail-aneto.com\\\/wp-content\\\/uploads\\\/2020\\\/02\\\/73216147_2991127067567290_7263972213701738496_n.jpg\",\"keywords\":[\"fam\",\"federacionaragonesademonta\u00f1a\",\"grantrailanetoposets\"],\"articleSection\":[\"noticias\"],\"inLanguage\":\"en-GB\",\"potentialAction\":[{\"@type\":\"CommentAction\",\"name\":\"Comment\",\"target\":[\"https:\\\/\\\/trail-aneto.com\\\/fr\\\/cena-de-la-montana-de-la-fam\\\/#respond\"]}]},{\"@type\":\"WebPage\",\"@id\":\"https:\\\/\\\/trail-aneto.com\\\/fr\\\/cena-de-la-montana-de-la-fam\\\/\",\"url\":\"https:\\\/\\\/trail-aneto.com\\\/fr\\\/cena-de-la-montana-de-la-fam\\\/\",\"name\":\"Cena de la Monta\u00f1a de la FAM - GTTAP\",\"isPartOf\":{\"@id\":\"https:\\\/\\\/trail-aneto.com\\\/#website\"},\"primaryImageOfPage\":{\"@id\":\"https:\\\/\\\/trail-aneto.com\\\/fr\\\/cena-de-la-montana-de-la-fam\\\/#primaryimage\"},\"image\":{\"@id\":\"https:\\\/\\\/trail-aneto.com\\\/fr\\\/cena-de-la-montana-de-la-fam\\\/#primaryimage\"},\"thumbnailUrl\":\"https:\\\/\\\/trail-aneto.com\\\/wp-content\\\/uploads\\\/2020\\\/02\\\/73216147_2991127067567290_7263972213701738496_n.jpg\",\"datePublished\":\"2019-10-29T10:47:00+00:00\",\"dateModified\":\"2020-02-20T10:53:23+00:00\",\"breadcrumb\":{\"@id\":\"https:\\\/\\\/trail-aneto.com\\\/fr\\\/cena-de-la-montana-de-la-fam\\\/#breadcrumb\"},\"inLanguage\":\"en-GB\",\"potentialAction\":[{\"@type\":\"ReadAction\",\"target\":[\"https:\\\/\\\/trail-aneto.com\\\/fr\\\/cena-de-la-montana-de-la-fam\\\/\"]}]},{\"@type\":\"ImageObject\",\"inLanguage\":\"en-GB\",\"@id\":\"https:\\\/\\\/trail-aneto.com\\\/fr\\\/cena-de-la-montana-de-la-fam\\\/#primaryimage\",\"url\":\"https:\\\/\\\/trail-aneto.com\\\/wp-content\\\/uploads\\\/2020\\\/02\\\/73216147_2991127067567290_7263972213701738496_n.jpg\",\"contentUrl\":\"https:\\\/\\\/trail-aneto.com\\\/wp-content\\\/uploads\\\/2020\\\/02\\\/73216147_2991127067567290_7263972213701738496_n.jpg\",\"width\":960,\"height\":640},{\"@type\":\"BreadcrumbList\",\"@id\":\"https:\\\/\\\/trail-aneto.com\\\/fr\\\/cena-de-la-montana-de-la-fam\\\/#breadcrumb\",\"itemListElement\":[{\"@type\":\"ListItem\",\"position\":1,\"name\":\"Portada\",\"item\":\"https:\\\/\\\/trail-aneto.com\\\/\"},{\"@type\":\"ListItem\",\"position\":2,\"name\":\"Cena de la Monta\u00f1a de la FAM\"}]},{\"@type\":\"WebSite\",\"@id\":\"https:\\\/\\\/trail-aneto.com\\\/#website\",\"url\":\"https:\\\/\\\/trail-aneto.com\\\/\",\"name\":\"GTTAP\",\"description\":\"Un Pirineo Extremo - Un Recorrido Infinito\",\"publisher\":{\"@id\":\"https:\\\/\\\/trail-aneto.com\\\/#organization\"},\"potentialAction\":[{\"@type\":\"SearchAction\",\"target\":{\"@type\":\"EntryPoint\",\"urlTemplate\":\"https:\\\/\\\/trail-aneto.com\\\/?s={search_term_string}\"},\"query-input\":{\"@type\":\"PropertyValueSpecification\",\"valueRequired\":true,\"valueName\":\"search_term_string\"}}],\"inLanguage\":\"en-GB\"},{\"@type\":\"Organization\",\"@id\":\"https:\\\/\\\/trail-aneto.com\\\/#organization\",\"name\":\"Gran Trail Trangoworld Aneto-Posets\",\"url\":\"https:\\\/\\\/trail-aneto.com\\\/\",\"logo\":{\"@type\":\"ImageObject\",\"inLanguage\":\"en-GB\",\"@id\":\"https:\\\/\\\/trail-aneto.com\\\/#\\\/schema\\\/logo\\\/image\\\/\",\"url\":\"https:\\\/\\\/trail-aneto.com\\\/wp-content\\\/uploads\\\/2020\\\/01\\\/GTTAP-logo.png\",\"contentUrl\":\"https:\\\/\\\/trail-aneto.com\\\/wp-content\\\/uploads\\\/2020\\\/01\\\/GTTAP-logo.png\",\"width\":253,\"height\":253,\"caption\":\"Gran Trail Trangoworld Aneto-Posets\"},\"image\":{\"@id\":\"https:\\\/\\\/trail-aneto.com\\\/#\\\/schema\\\/logo\\\/image\\\/\"},\"sameAs\":[\"https:\\\/\\\/www.facebook.com\\\/GranTrailAnetoPosets\\\/\",\"https:\\\/\\\/www.instagram.com\\\/grantrailaneto\\\/?hl=es\"]},{\"@type\":\"Person\",\"@id\":\"https:\\\/\\\/trail-aneto.com\\\/#\\\/schema\\\/person\\\/e843a80cb50850cecefd7ed1e7c40092\",\"name\":\"Sara Guerin Bonet\",\"image\":{\"@type\":\"ImageObject\",\"inLanguage\":\"en-GB\",\"@id\":\"https:\\\/\\\/secure.gravatar.com\\\/avatar\\\/61b1dbaf84033919a30173239041a2f152b9c4e88d12c67072714a0f3501b6fd?s=96&d=mm&r=g\",\"url\":\"https:\\\/\\\/secure.gravatar.com\\\/avatar\\\/61b1dbaf84033919a30173239041a2f152b9c4e88d12c67072714a0f3501b6fd?s=96&d=mm&r=g\",\"contentUrl\":\"https:\\\/\\\/secure.gravatar.com\\\/avatar\\\/61b1dbaf84033919a30173239041a2f152b9c4e88d12c67072714a0f3501b6fd?s=96&d=mm&r=g\",\"caption\":\"Sara Guerin Bonet\"},\"sameAs\":[\"http:\\\/\\\/trail-aneto.com\"],\"url\":\"https:\\\/\\\/trail-aneto.com\\\/en\\\/author\\\/saragttap\\\/\"}]}<\/script>\n<!-- \/ Yoast SEO plugin. -->","yoast_head_json":{"title":"Cena de la Monta\u00f1a de la FAM - GTTAP","robots":{"index":"index","follow":"follow","max-snippet":"max-snippet:-1","max-image-preview":"max-image-preview:large","max-video-preview":"max-video-preview:-1"},"canonical":"https:\/\/trail-aneto.com\/en\/cena-de-la-montana-de-la-fam\/","og_locale":"en_GB","og_type":"article","og_title":"Cena de la Monta\u00f1a de la FAM - GTTAP","og_description":"Este pasado viernes 25 de octubre se celebr\u00f3 la XXIV Cena de la Monta\u00f1a de la Federaci\u00f3n Aragonesa de Monta\u00f1a, donde los clubes voluntarios del Gran Trail Aneto Posets recogieron el premio FIATC a los Valores Humanos. Aprovechamos para agradecer a todos los clubs colaboradores...","og_url":"https:\/\/trail-aneto.com\/en\/cena-de-la-montana-de-la-fam\/","og_site_name":"GTTAP","article_publisher":"https:\/\/www.facebook.com\/GranTrailAnetoPosets\/","article_published_time":"2019-10-29T10:47:00+00:00","article_modified_time":"2020-02-20T10:53:23+00:00","og_image":[{"width":960,"height":640,"url":"https:\/\/trail-aneto.com\/wp-content\/uploads\/2020\/02\/73216147_2991127067567290_7263972213701738496_n.jpg","type":"image\/jpeg"}],"author":"Sara Guerin Bonet","twitter_card":"summary_large_image","twitter_misc":{"Written by":"Sara Guerin Bonet","Estimated reading time":"1 minute"},"schema":{"@context":"https:\/\/schema.org","@graph":[{"@type":"Article","@id":"https:\/\/trail-aneto.com\/fr\/cena-de-la-montana-de-la-fam\/#article","isPartOf":{"@id":"https:\/\/trail-aneto.com\/fr\/cena-de-la-montana-de-la-fam\/"},"author":{"name":"Sara Guerin Bonet","@id":"https:\/\/trail-aneto.com\/#\/schema\/person\/e843a80cb50850cecefd7ed1e7c40092"},"headline":"Cena de la Monta\u00f1a de la FAM","datePublished":"2019-10-29T10:47:00+00:00","dateModified":"2020-02-20T10:53:23+00:00","mainEntityOfPage":{"@id":"https:\/\/trail-aneto.com\/fr\/cena-de-la-montana-de-la-fam\/"},"wordCount":151,"commentCount":0,"publisher":{"@id":"https:\/\/trail-aneto.com\/#organization"},"image":{"@id":"https:\/\/trail-aneto.com\/fr\/cena-de-la-montana-de-la-fam\/#primaryimage"},"thumbnailUrl":"https:\/\/trail-aneto.com\/wp-content\/uploads\/2020\/02\/73216147_2991127067567290_7263972213701738496_n.jpg","keywords":["fam","federacionaragonesademonta\u00f1a","grantrailanetoposets"],"articleSection":["noticias"],"inLanguage":"en-GB","potentialAction":[{"@type":"CommentAction","name":"Comment","target":["https:\/\/trail-aneto.com\/fr\/cena-de-la-montana-de-la-fam\/#respond"]}]},{"@type":"WebPage","@id":"https:\/\/trail-aneto.com\/fr\/cena-de-la-montana-de-la-fam\/","url":"https:\/\/trail-aneto.com\/fr\/cena-de-la-montana-de-la-fam\/","name":"Cena de la Monta\u00f1a de la FAM - GTTAP","isPartOf":{"@id":"https:\/\/trail-aneto.com\/#website"},"primaryImageOfPage":{"@id":"https:\/\/trail-aneto.com\/fr\/cena-de-la-montana-de-la-fam\/#primaryimage"},"image":{"@id":"https:\/\/trail-aneto.com\/fr\/cena-de-la-montana-de-la-fam\/#primaryimage"},"thumbnailUrl":"https:\/\/trail-aneto.com\/wp-content\/uploads\/2020\/02\/73216147_2991127067567290_7263972213701738496_n.jpg","datePublished":"2019-10-29T10:47:00+00:00","dateModified":"2020-02-20T10:53:23+00:00","breadcrumb":{"@id":"https:\/\/trail-aneto.com\/fr\/cena-de-la-montana-de-la-fam\/#breadcrumb"},"inLanguage":"en-GB","potentialAction":[{"@type":"ReadAction","target":["https:\/\/trail-aneto.com\/fr\/cena-de-la-montana-de-la-fam\/"]}]},{"@type":"ImageObject","inLanguage":"en-GB","@id":"https:\/\/trail-aneto.com\/fr\/cena-de-la-montana-de-la-fam\/#primaryimage","url":"https:\/\/trail-aneto.com\/wp-content\/uploads\/2020\/02\/73216147_2991127067567290_7263972213701738496_n.jpg","contentUrl":"https:\/\/trail-aneto.com\/wp-content\/uploads\/2020\/02\/73216147_2991127067567290_7263972213701738496_n.jpg","width":960,"height":640},{"@type":"BreadcrumbList","@id":"https:\/\/trail-aneto.com\/fr\/cena-de-la-montana-de-la-fam\/#breadcrumb","itemListElement":[{"@type":"ListItem","position":1,"name":"Portada","item":"https:\/\/trail-aneto.com\/"},{"@type":"ListItem","position":2,"name":"Cena de la Monta\u00f1a de la FAM"}]},{"@type":"WebSite","@id":"https:\/\/trail-aneto.com\/#website","url":"https:\/\/trail-aneto.com\/","name":"GTTAP","description":"An Extreme Pyrenees - An Infinite Tour","publisher":{"@id":"https:\/\/trail-aneto.com\/#organization"},"potentialAction":[{"@type":"SearchAction","target":{"@type":"EntryPoint","urlTemplate":"https:\/\/trail-aneto.com\/?s={search_term_string}"},"query-input":{"@type":"PropertyValueSpecification","valueRequired":true,"valueName":"search_term_string"}}],"inLanguage":"en-GB"},{"@type":"Organization","@id":"https:\/\/trail-aneto.com\/#organization","name":"Great Trangoworld Aneto-Posets Trail","url":"https:\/\/trail-aneto.com\/","logo":{"@type":"ImageObject","inLanguage":"en-GB","@id":"https:\/\/trail-aneto.com\/#\/schema\/logo\/image\/","url":"https:\/\/trail-aneto.com\/wp-content\/uploads\/2020\/01\/GTTAP-logo.png","contentUrl":"https:\/\/trail-aneto.com\/wp-content\/uploads\/2020\/01\/GTTAP-logo.png","width":253,"height":253,"caption":"Gran Trail Trangoworld Aneto-Posets"},"image":{"@id":"https:\/\/trail-aneto.com\/#\/schema\/logo\/image\/"},"sameAs":["https:\/\/www.facebook.com\/GranTrailAnetoPosets\/","https:\/\/www.instagram.com\/grantrailaneto\/?hl=es"]},{"@type":"Person","@id":"https:\/\/trail-aneto.com\/#\/schema\/person\/e843a80cb50850cecefd7ed1e7c40092","name":"Sara Guerin Bonet","image":{"@type":"ImageObject","inLanguage":"en-GB","@id":"https:\/\/secure.gravatar.com\/avatar\/61b1dbaf84033919a30173239041a2f152b9c4e88d12c67072714a0f3501b6fd?s=96&d=mm&r=g","url":"https:\/\/secure.gravatar.com\/avatar\/61b1dbaf84033919a30173239041a2f152b9c4e88d12c67072714a0f3501b6fd?s=96&d=mm&r=g","contentUrl":"https:\/\/secure.gravatar.com\/avatar\/61b1dbaf84033919a30173239041a2f152b9c4e88d12c67072714a0f3501b6fd?s=96&d=mm&r=g","caption":"Sara Guerin Bonet"},"sameAs":["http:\/\/trail-aneto.com"],"url":"https:\/\/trail-aneto.com\/en\/author\/saragttap\/"}]}},"_links":{"self":[{"href":"https:\/\/trail-aneto.com\/en\/wp-json\/wp\/v2\/posts\/9075","targetHints":{"allow":["GET"]}}],"collection":[{"href":"https:\/\/trail-aneto.com\/en\/wp-json\/wp\/v2\/posts"}],"about":[{"href":"https:\/\/trail-aneto.com\/en\/wp-json\/wp\/v2\/types\/post"}],"author":[{"embeddable":true,"href":"https:\/\/trail-aneto.com\/en\/wp-json\/wp\/v2\/users\/3"}],"replies":[{"embeddable":true,"href":"https:\/\/trail-aneto.com\/en\/wp-json\/wp\/v2\/comments?post=9075"}],"version-history":[{"count":1,"href":"https:\/\/trail-aneto.com\/en\/wp-json\/wp\/v2\/posts\/9075\/revisions"}],"predecessor-version":[{"id":9078,"href":"https:\/\/trail-aneto.com\/en\/wp-json\/wp\/v2\/posts\/9075\/revisions\/9078"}],"wp:featuredmedia":[{"embeddable":true,"href":"https:\/\/trail-aneto.com\/en\/wp-json\/wp\/v2\/media\/9077"}],"wp:attachment":[{"href":"https:\/\/trail-aneto.com\/en\/wp-json\/wp\/v2\/media?parent=9075"}],"wp:term":[{"taxonomy":"category","embeddable":true,"href":"https:\/\/trail-aneto.com\/en\/wp-json\/wp\/v2\/categories?post=9075"},{"taxonomy":"post_tag","embeddable":true,"href":"https:\/\/trail-aneto.com\/en\/wp-json\/wp\/v2\/tags?post=9075"}],"curies":[{"name":"wp","href":"https:\/\/api.w.org\/{rel}","templated":true}]}}