{"id":9134,"date":"2020-03-04T10:49:04","date_gmt":"2020-03-04T09:49:04","guid":{"rendered":"https:\/\/trail-aneto.com\/?p=9134"},"modified":"2021-07-20T09:26:51","modified_gmt":"2021-07-20T07:26:51","slug":"gran-trail-aneto-posets-un-evento-cardioprotegido","status":"publish","type":"post","link":"https:\/\/trail-aneto.com\/fr\/gran-trail-aneto-posets-un-evento-cardioprotegido\/","title":{"rendered":"Great Trail Aneto-Posets, un \u00e9v\u00e9nement cardioprot\u00e9g\u00e9"},"content":{"rendered":"<p>Une fois de plus, le Great Trangoworld Aneto-Posets Trail mise sur la cardioprotection et la lutte contre la mort subite chez l&#039;athl\u00e8te gr\u00e2ce au travail et \u00e0 la collaboration de l&#039;\u00e9quipe m\u00e9dicale du test, l&#039;entreprise <a href=\"http:\/\/www.b-safe.es\"><strong>Almas Industries B + SAFE<\/strong><\/a> y el <strong><a href=\"https:\/\/www.proyectomasvida.com\/\">Proyecto + Vida<\/a><\/strong>, l&#039;\u00e9quipe <strong>R\u00e9initialiserCardio Trangoworld<\/strong> et les <strong>Abris de montagne <\/strong>de la <strong>F\u00e9d\u00e9ration Aragonaise d&#039;Alpinisme<\/strong>.<\/p>\r\n\r\n\r\n\r\n<p class=\"has-background has-very-light-gray-background-color\"><em>Le <strong>Zones cardioprot\u00e9g\u00e9es<\/strong> ce sont des espaces qui ont <strong>au moins un d\u00e9fibrillateur, ainsi que des personnes correctement form\u00e9es<\/strong> afin d&#039;assurer une action rapide en cas d&#039;arr\u00eat cardiaque subit (pour obtenir le rythme cardiaque de la victime), jusqu&#039;\u00e0 l&#039;arriv\u00e9e des services m\u00e9dicaux d&#039;urgence.<\/em><\/p>\r\n\r\n\r\n<hr class=\"wp-block-separator has-text-color has-background has-very-light-gray-background-color has-very-light-gray-color\" \/>\r\n\r\n\r\n<h3 class=\"wp-block-heading\">Une cardioprotection en hauteur est possible.<\/h3>\r\n\r\n\r\n\r\n<p>Merci \u00e0 la collaboration de <strong>Industries des \u00e2mes<\/strong> <strong>B + SAFE<\/strong>, le Great Trail Aneto-Posets a automatis\u00e9 des d\u00e9fibrillateurs externes (DEA) en fonctionnement et en engagement de cardioprotection dans les zones isol\u00e9es.<\/p>\r\n\r\n\r\n\r\n<p>Le dispositif m\u00e9dical du Grand Sentier Aneto-Posets est coordonn\u00e9 par les m\u00e9decins Manuel Avellanas et Miguel Zazo et compte environ <strong>75 m\u00e9decins b\u00e9n\u00e9voles, infirmi\u00e8res, infirmi\u00e8res auxiliaires et physioth\u00e9rapeutes.<\/strong> En outre, <strong>Ambulances Aragon<\/strong>, bas\u00e9e sur l&#039;Avenida de los Tilos et dans la salle de sport de Benasque, effectue une assistance m\u00e9dicale.<\/p>\r\n\r\n\r\n\r\n<figure class=\"wp-block-image size-large\"><img loading=\"lazy\" decoding=\"async\" width=\"1024\" height=\"768\" class=\"wp-image-9137\" src=\"https:\/\/trail-aneto.com\/wp-content\/uploads\/2020\/03\/Trail-Aneto-Posets-Salenques-1-1024x768.jpg\" alt=\"\" srcset=\"https:\/\/trail-aneto.com\/wp-content\/uploads\/2020\/03\/Trail-Aneto-Posets-Salenques-1-1024x768.jpg 1024w, https:\/\/trail-aneto.com\/wp-content\/uploads\/2020\/03\/Trail-Aneto-Posets-Salenques-1-300x225.jpg 300w, https:\/\/trail-aneto.com\/wp-content\/uploads\/2020\/03\/Trail-Aneto-Posets-Salenques-1-768x576.jpg 768w, https:\/\/trail-aneto.com\/wp-content\/uploads\/2020\/03\/Trail-Aneto-Posets-Salenques-1-1536x1152.jpg 1536w, https:\/\/trail-aneto.com\/wp-content\/uploads\/2020\/03\/Trail-Aneto-Posets-Salenques-1-800x600.jpg 800w\" sizes=\"auto, (max-width: 1024px) 100vw, 1024px\" \/>\r\n<figcaption>Infirmi\u00e8re avec DOC au Collado de Salenques<\/figcaption>\r\n<\/figure>\r\n\r\n\r\n<hr class=\"wp-block-separator has-text-color has-background has-very-light-gray-background-color has-very-light-gray-color is-style-default\" \/>\r\n\r\n\r\n<h4 class=\"wp-block-heading\">R\u00e9initialiserCardio-Trangoworld<\/h4>\r\n\r\n\r\n\r\n<p>L&#039;\u00e9quipe <strong>R\u00e9initialiserCardio-Trangoworld<\/strong> participar\u00e1 como cada a\u00f1oo en el Gran Trail Aneto-Posets. La asociaci\u00f3n sin \u00e1nimo de lucro est\u00e1 formada por profesionales sanitarios amantes de las carreras de ultraresistencia que luchan contra la muerte s\u00fabita del deportista aumentando la seguridad en carrera. ResetCardio realiza uno de los recorridos del Gran Trail llevando material m\u00e9dico y un DEA en la mochila. Tambi\u00e9n realizan charlas de formaci\u00f3n y demostraciones de actuaci\u00f3n ante un episodio de muerte s\u00fabita a los corredores. Trangoworld apuesta por la iniciativa de ResetCardio y colabora equipando por completo al equipo m\u00e9dico.<\/p>\r\n\r\n\r\n\r\n<div class=\"wp-block-image\">\r\n<figure class=\"aligncenter size-large\"><img loading=\"lazy\" decoding=\"async\" width=\"985\" height=\"657\" class=\"wp-image-9136\" src=\"https:\/\/trail-aneto.com\/wp-content\/uploads\/2020\/03\/GTAP-2019-JAVIER-BARAHONA-1736.jpg\" alt=\"\" srcset=\"https:\/\/trail-aneto.com\/wp-content\/uploads\/2020\/03\/GTAP-2019-JAVIER-BARAHONA-1736.jpg 985w, https:\/\/trail-aneto.com\/wp-content\/uploads\/2020\/03\/GTAP-2019-JAVIER-BARAHONA-1736-300x200.jpg 300w, https:\/\/trail-aneto.com\/wp-content\/uploads\/2020\/03\/GTAP-2019-JAVIER-BARAHONA-1736-768x512.jpg 768w\" sizes=\"auto, (max-width: 985px) 100vw, 985px\" \/>\r\n<figcaption>L&#039;\u00e9quipe de Cardio Trangoworld<\/figcaption>\r\n<\/figure>\r\n<\/div>\r\n\r\n\r\n<hr class=\"wp-block-separator has-text-color has-background has-very-light-gray-background-color has-very-light-gray-color is-style-default\" \/>\r\n\r\n\r\n<h4 class=\"wp-block-heading\">Cardioprotection dans les abris de montagne<\/h4>\r\n\r\n\r\n\r\n<p>La <strong>F\u00e9d\u00e9ration Aragonaise d&#039;Alpinisme<\/strong> Il g\u00e8re 16 \u00e9tablissements entre refuges de montagne, g\u00eetes et \u00e9coles de montagne. Ils avaient d\u00e9j\u00e0 10 abris (dont 7 de haut), dont Angel Or\u00fas, Est\u00f3s, Renclusa et Cap de Llauset. En outre, il dispose \u00e9galement d&#039;un refuge DEA Viad\u00f3s.<\/p>\r\n\r\n\r\n\r\n<p>Dans le cadre des r\u00e9centes initiatives de soutien \u00e0 la cardioprotection, et apr\u00e8s l&#039;approbation du d\u00e9cret qui r\u00e9glemente l&#039;utilisation du DEA en dehors du domaine de la sant\u00e9, le <strong>Le gouvernement d&#039;Aragon a donn\u00e9 6 nouveaux d\u00e9fibrillateurs<\/strong> a la FAM con la previsi\u00f3n de que vayan a 5 refugios. Entre ellos se encuentra nuestra base organizativa: la Escuela de Monta\u00f1a de Benasque.<\/p>\r\n\r\n\r\n\r\n<div class=\"wp-block-image\">\r\n<figure class=\"aligncenter size-large\"><img loading=\"lazy\" decoding=\"async\" width=\"1024\" height=\"576\" class=\"wp-image-9138\" src=\"https:\/\/trail-aneto.com\/wp-content\/uploads\/2020\/03\/renclusa6-1-1024x576.jpg\" alt=\"\" srcset=\"https:\/\/trail-aneto.com\/wp-content\/uploads\/2020\/03\/renclusa6-1-1024x576.jpg 1024w, https:\/\/trail-aneto.com\/wp-content\/uploads\/2020\/03\/renclusa6-1-300x169.jpg 300w, https:\/\/trail-aneto.com\/wp-content\/uploads\/2020\/03\/renclusa6-1-768x432.jpg 768w, https:\/\/trail-aneto.com\/wp-content\/uploads\/2020\/03\/renclusa6-1.jpg 1280w\" sizes=\"auto, (max-width: 1024px) 100vw, 1024px\" \/>\r\n<figcaption>Abri de la Renclusa<\/figcaption>\r\n<\/figure>\r\n<\/div>","protected":false},"excerpt":{"rendered":"<p>Un a\u00f1o m\u00e1s, el Gran Trail Trangoworld Aneto-Posets apuesta por la cardioprotecci\u00f3n y la lucha contra la muerte s\u00fabita en el deportista gracias al trabajo y la colaboraci\u00f3n del equipo m\u00e9dico de la prueba, la empresa Almas Industries B+SAFE y el Proyecto + Vida, el&#8230;<\/p>","protected":false},"author":3,"featured_media":9137,"comment_status":"open","ping_status":"closed","sticky":false,"template":"","format":"standard","meta":{"footnotes":""},"categories":[255,1],"tags":[326,327,329,309],"class_list":["post-9134","post","type-post","status-publish","format-standard","has-post-thumbnail","hentry","category-noticias","category-sin-categoria","tag-cardioproteccion","tag-dea","tag-grantrailaneto","tag-grantrailanetoposets"],"yoast_head":"<!-- This site is optimized with the Yoast SEO plugin v27.4 - https:\/\/yoast.com\/product\/yoast-seo-wordpress\/ -->\n<title>Gran Trail Aneto-Posets, un evento cardioprotegido - GTTAP<\/title>\n<meta name=\"robots\" content=\"index, follow, max-snippet:-1, max-image-preview:large, max-video-preview:-1\" \/>\n<link rel=\"canonical\" href=\"https:\/\/trail-aneto.com\/fr\/gran-trail-aneto-posets-un-evento-cardioprotegido\/\" \/>\n<meta property=\"og:locale\" content=\"fr_FR\" \/>\n<meta property=\"og:type\" content=\"article\" \/>\n<meta property=\"og:title\" content=\"Gran Trail Aneto-Posets, un evento cardioprotegido - GTTAP\" \/>\n<meta property=\"og:description\" content=\"Un a\u00f1o m\u00e1s, el Gran Trail Trangoworld Aneto-Posets apuesta por la cardioprotecci\u00f3n y la lucha contra la muerte s\u00fabita en el deportista gracias al trabajo y la colaboraci\u00f3n del equipo m\u00e9dico de la prueba, la empresa Almas Industries B+SAFE y el Proyecto + Vida, el...\" \/>\n<meta property=\"og:url\" content=\"https:\/\/trail-aneto.com\/fr\/gran-trail-aneto-posets-un-evento-cardioprotegido\/\" \/>\n<meta property=\"og:site_name\" content=\"GTTAP\" \/>\n<meta property=\"article:publisher\" content=\"https:\/\/www.facebook.com\/GranTrailAnetoPosets\/\" \/>\n<meta property=\"article:published_time\" content=\"2020-03-04T09:49:04+00:00\" \/>\n<meta property=\"article:modified_time\" content=\"2021-07-20T07:26:51+00:00\" \/>\n<meta property=\"og:image\" content=\"https:\/\/trail-aneto.com\/wp-content\/uploads\/2020\/03\/Trail-Aneto-Posets-Salenques-1.jpg\" \/>\n\t<meta property=\"og:image:width\" content=\"2048\" \/>\n\t<meta property=\"og:image:height\" content=\"1536\" \/>\n\t<meta property=\"og:image:type\" content=\"image\/jpeg\" \/>\n<meta name=\"author\" content=\"Sara Guerin Bonet\" \/>\n<meta name=\"twitter:card\" content=\"summary_large_image\" \/>\n<meta name=\"twitter:label1\" content=\"\u00c9crit par\" \/>\n\t<meta name=\"twitter:data1\" content=\"Sara Guerin Bonet\" \/>\n\t<meta name=\"twitter:label2\" content=\"Dur\u00e9e de lecture estim\u00e9e\" \/>\n\t<meta name=\"twitter:data2\" content=\"3 minutes\" \/>\n<script type=\"application\/ld+json\" class=\"yoast-schema-graph\">{\"@context\":\"https:\\\/\\\/schema.org\",\"@graph\":[{\"@type\":\"Article\",\"@id\":\"https:\\\/\\\/trail-aneto.com\\\/en\\\/gran-trail-aneto-posets-un-evento-cardioprotegido\\\/#article\",\"isPartOf\":{\"@id\":\"https:\\\/\\\/trail-aneto.com\\\/en\\\/gran-trail-aneto-posets-un-evento-cardioprotegido\\\/\"},\"author\":{\"name\":\"Sara Guerin Bonet\",\"@id\":\"https:\\\/\\\/trail-aneto.com\\\/#\\\/schema\\\/person\\\/e843a80cb50850cecefd7ed1e7c40092\"},\"headline\":\"Gran Trail Aneto-Posets, un evento cardioprotegido\",\"datePublished\":\"2020-03-04T09:49:04+00:00\",\"dateModified\":\"2021-07-20T07:26:51+00:00\",\"mainEntityOfPage\":{\"@id\":\"https:\\\/\\\/trail-aneto.com\\\/en\\\/gran-trail-aneto-posets-un-evento-cardioprotegido\\\/\"},\"wordCount\":470,\"commentCount\":0,\"publisher\":{\"@id\":\"https:\\\/\\\/trail-aneto.com\\\/#organization\"},\"image\":{\"@id\":\"https:\\\/\\\/trail-aneto.com\\\/en\\\/gran-trail-aneto-posets-un-evento-cardioprotegido\\\/#primaryimage\"},\"thumbnailUrl\":\"https:\\\/\\\/trail-aneto.com\\\/wp-content\\\/uploads\\\/2020\\\/03\\\/Trail-Aneto-Posets-Salenques-1.jpg\",\"keywords\":[\"cardioproteccion\",\"DEA\",\"grantrailaneto\",\"grantrailanetoposets\"],\"articleSection\":[\"noticias\",\"Sin categor\u00eda\"],\"inLanguage\":\"fr-FR\",\"potentialAction\":[{\"@type\":\"CommentAction\",\"name\":\"Comment\",\"target\":[\"https:\\\/\\\/trail-aneto.com\\\/en\\\/gran-trail-aneto-posets-un-evento-cardioprotegido\\\/#respond\"]}]},{\"@type\":\"WebPage\",\"@id\":\"https:\\\/\\\/trail-aneto.com\\\/en\\\/gran-trail-aneto-posets-un-evento-cardioprotegido\\\/\",\"url\":\"https:\\\/\\\/trail-aneto.com\\\/en\\\/gran-trail-aneto-posets-un-evento-cardioprotegido\\\/\",\"name\":\"Gran Trail Aneto-Posets, un evento cardioprotegido - GTTAP\",\"isPartOf\":{\"@id\":\"https:\\\/\\\/trail-aneto.com\\\/#website\"},\"primaryImageOfPage\":{\"@id\":\"https:\\\/\\\/trail-aneto.com\\\/en\\\/gran-trail-aneto-posets-un-evento-cardioprotegido\\\/#primaryimage\"},\"image\":{\"@id\":\"https:\\\/\\\/trail-aneto.com\\\/en\\\/gran-trail-aneto-posets-un-evento-cardioprotegido\\\/#primaryimage\"},\"thumbnailUrl\":\"https:\\\/\\\/trail-aneto.com\\\/wp-content\\\/uploads\\\/2020\\\/03\\\/Trail-Aneto-Posets-Salenques-1.jpg\",\"datePublished\":\"2020-03-04T09:49:04+00:00\",\"dateModified\":\"2021-07-20T07:26:51+00:00\",\"breadcrumb\":{\"@id\":\"https:\\\/\\\/trail-aneto.com\\\/en\\\/gran-trail-aneto-posets-un-evento-cardioprotegido\\\/#breadcrumb\"},\"inLanguage\":\"fr-FR\",\"potentialAction\":[{\"@type\":\"ReadAction\",\"target\":[\"https:\\\/\\\/trail-aneto.com\\\/en\\\/gran-trail-aneto-posets-un-evento-cardioprotegido\\\/\"]}]},{\"@type\":\"ImageObject\",\"inLanguage\":\"fr-FR\",\"@id\":\"https:\\\/\\\/trail-aneto.com\\\/en\\\/gran-trail-aneto-posets-un-evento-cardioprotegido\\\/#primaryimage\",\"url\":\"https:\\\/\\\/trail-aneto.com\\\/wp-content\\\/uploads\\\/2020\\\/03\\\/Trail-Aneto-Posets-Salenques-1.jpg\",\"contentUrl\":\"https:\\\/\\\/trail-aneto.com\\\/wp-content\\\/uploads\\\/2020\\\/03\\\/Trail-Aneto-Posets-Salenques-1.jpg\",\"width\":2048,\"height\":1536,\"caption\":\"dea en salenques\"},{\"@type\":\"BreadcrumbList\",\"@id\":\"https:\\\/\\\/trail-aneto.com\\\/en\\\/gran-trail-aneto-posets-un-evento-cardioprotegido\\\/#breadcrumb\",\"itemListElement\":[{\"@type\":\"ListItem\",\"position\":1,\"name\":\"Portada\",\"item\":\"https:\\\/\\\/trail-aneto.com\\\/\"},{\"@type\":\"ListItem\",\"position\":2,\"name\":\"Gran Trail Aneto-Posets, un evento cardioprotegido\"}]},{\"@type\":\"WebSite\",\"@id\":\"https:\\\/\\\/trail-aneto.com\\\/#website\",\"url\":\"https:\\\/\\\/trail-aneto.com\\\/\",\"name\":\"GTTAP\",\"description\":\"Un Pirineo Extremo - Un Recorrido Infinito\",\"publisher\":{\"@id\":\"https:\\\/\\\/trail-aneto.com\\\/#organization\"},\"potentialAction\":[{\"@type\":\"SearchAction\",\"target\":{\"@type\":\"EntryPoint\",\"urlTemplate\":\"https:\\\/\\\/trail-aneto.com\\\/?s={search_term_string}\"},\"query-input\":{\"@type\":\"PropertyValueSpecification\",\"valueRequired\":true,\"valueName\":\"search_term_string\"}}],\"inLanguage\":\"fr-FR\"},{\"@type\":\"Organization\",\"@id\":\"https:\\\/\\\/trail-aneto.com\\\/#organization\",\"name\":\"Gran Trail Trangoworld Aneto-Posets\",\"url\":\"https:\\\/\\\/trail-aneto.com\\\/\",\"logo\":{\"@type\":\"ImageObject\",\"inLanguage\":\"fr-FR\",\"@id\":\"https:\\\/\\\/trail-aneto.com\\\/#\\\/schema\\\/logo\\\/image\\\/\",\"url\":\"https:\\\/\\\/trail-aneto.com\\\/wp-content\\\/uploads\\\/2020\\\/01\\\/GTTAP-logo.png\",\"contentUrl\":\"https:\\\/\\\/trail-aneto.com\\\/wp-content\\\/uploads\\\/2020\\\/01\\\/GTTAP-logo.png\",\"width\":253,\"height\":253,\"caption\":\"Gran Trail Trangoworld Aneto-Posets\"},\"image\":{\"@id\":\"https:\\\/\\\/trail-aneto.com\\\/#\\\/schema\\\/logo\\\/image\\\/\"},\"sameAs\":[\"https:\\\/\\\/www.facebook.com\\\/GranTrailAnetoPosets\\\/\",\"https:\\\/\\\/www.instagram.com\\\/grantrailaneto\\\/?hl=es\"]},{\"@type\":\"Person\",\"@id\":\"https:\\\/\\\/trail-aneto.com\\\/#\\\/schema\\\/person\\\/e843a80cb50850cecefd7ed1e7c40092\",\"name\":\"Sara Guerin Bonet\",\"image\":{\"@type\":\"ImageObject\",\"inLanguage\":\"fr-FR\",\"@id\":\"https:\\\/\\\/secure.gravatar.com\\\/avatar\\\/61b1dbaf84033919a30173239041a2f152b9c4e88d12c67072714a0f3501b6fd?s=96&d=mm&r=g\",\"url\":\"https:\\\/\\\/secure.gravatar.com\\\/avatar\\\/61b1dbaf84033919a30173239041a2f152b9c4e88d12c67072714a0f3501b6fd?s=96&d=mm&r=g\",\"contentUrl\":\"https:\\\/\\\/secure.gravatar.com\\\/avatar\\\/61b1dbaf84033919a30173239041a2f152b9c4e88d12c67072714a0f3501b6fd?s=96&d=mm&r=g\",\"caption\":\"Sara Guerin Bonet\"},\"sameAs\":[\"http:\\\/\\\/trail-aneto.com\"],\"url\":\"https:\\\/\\\/trail-aneto.com\\\/fr\\\/author\\\/saragttap\\\/\"}]}<\/script>\n<!-- \/ Yoast SEO plugin. -->","yoast_head_json":{"title":"Gran Trail Aneto-Posets, un evento cardioprotegido - GTTAP","robots":{"index":"index","follow":"follow","max-snippet":"max-snippet:-1","max-image-preview":"max-image-preview:large","max-video-preview":"max-video-preview:-1"},"canonical":"https:\/\/trail-aneto.com\/fr\/gran-trail-aneto-posets-un-evento-cardioprotegido\/","og_locale":"fr_FR","og_type":"article","og_title":"Gran Trail Aneto-Posets, un evento cardioprotegido - GTTAP","og_description":"Un a\u00f1o m\u00e1s, el Gran Trail Trangoworld Aneto-Posets apuesta por la cardioprotecci\u00f3n y la lucha contra la muerte s\u00fabita en el deportista gracias al trabajo y la colaboraci\u00f3n del equipo m\u00e9dico de la prueba, la empresa Almas Industries B+SAFE y el Proyecto + Vida, el...","og_url":"https:\/\/trail-aneto.com\/fr\/gran-trail-aneto-posets-un-evento-cardioprotegido\/","og_site_name":"GTTAP","article_publisher":"https:\/\/www.facebook.com\/GranTrailAnetoPosets\/","article_published_time":"2020-03-04T09:49:04+00:00","article_modified_time":"2021-07-20T07:26:51+00:00","og_image":[{"width":2048,"height":1536,"url":"https:\/\/trail-aneto.com\/wp-content\/uploads\/2020\/03\/Trail-Aneto-Posets-Salenques-1.jpg","type":"image\/jpeg"}],"author":"Sara Guerin Bonet","twitter_card":"summary_large_image","twitter_misc":{"\u00c9crit par":"Sara Guerin Bonet","Dur\u00e9e de lecture estim\u00e9e":"3 minutes"},"schema":{"@context":"https:\/\/schema.org","@graph":[{"@type":"Article","@id":"https:\/\/trail-aneto.com\/en\/gran-trail-aneto-posets-un-evento-cardioprotegido\/#article","isPartOf":{"@id":"https:\/\/trail-aneto.com\/en\/gran-trail-aneto-posets-un-evento-cardioprotegido\/"},"author":{"name":"Sara Guerin Bonet","@id":"https:\/\/trail-aneto.com\/#\/schema\/person\/e843a80cb50850cecefd7ed1e7c40092"},"headline":"Gran Trail Aneto-Posets, un evento cardioprotegido","datePublished":"2020-03-04T09:49:04+00:00","dateModified":"2021-07-20T07:26:51+00:00","mainEntityOfPage":{"@id":"https:\/\/trail-aneto.com\/en\/gran-trail-aneto-posets-un-evento-cardioprotegido\/"},"wordCount":470,"commentCount":0,"publisher":{"@id":"https:\/\/trail-aneto.com\/#organization"},"image":{"@id":"https:\/\/trail-aneto.com\/en\/gran-trail-aneto-posets-un-evento-cardioprotegido\/#primaryimage"},"thumbnailUrl":"https:\/\/trail-aneto.com\/wp-content\/uploads\/2020\/03\/Trail-Aneto-Posets-Salenques-1.jpg","keywords":["cardioproteccion","DEA","grantrailaneto","grantrailanetoposets"],"articleSection":["noticias","Sin categor\u00eda"],"inLanguage":"fr-FR","potentialAction":[{"@type":"CommentAction","name":"Comment","target":["https:\/\/trail-aneto.com\/en\/gran-trail-aneto-posets-un-evento-cardioprotegido\/#respond"]}]},{"@type":"WebPage","@id":"https:\/\/trail-aneto.com\/en\/gran-trail-aneto-posets-un-evento-cardioprotegido\/","url":"https:\/\/trail-aneto.com\/en\/gran-trail-aneto-posets-un-evento-cardioprotegido\/","name":"Gran Trail Aneto-Posets, un evento cardioprotegido - GTTAP","isPartOf":{"@id":"https:\/\/trail-aneto.com\/#website"},"primaryImageOfPage":{"@id":"https:\/\/trail-aneto.com\/en\/gran-trail-aneto-posets-un-evento-cardioprotegido\/#primaryimage"},"image":{"@id":"https:\/\/trail-aneto.com\/en\/gran-trail-aneto-posets-un-evento-cardioprotegido\/#primaryimage"},"thumbnailUrl":"https:\/\/trail-aneto.com\/wp-content\/uploads\/2020\/03\/Trail-Aneto-Posets-Salenques-1.jpg","datePublished":"2020-03-04T09:49:04+00:00","dateModified":"2021-07-20T07:26:51+00:00","breadcrumb":{"@id":"https:\/\/trail-aneto.com\/en\/gran-trail-aneto-posets-un-evento-cardioprotegido\/#breadcrumb"},"inLanguage":"fr-FR","potentialAction":[{"@type":"ReadAction","target":["https:\/\/trail-aneto.com\/en\/gran-trail-aneto-posets-un-evento-cardioprotegido\/"]}]},{"@type":"ImageObject","inLanguage":"fr-FR","@id":"https:\/\/trail-aneto.com\/en\/gran-trail-aneto-posets-un-evento-cardioprotegido\/#primaryimage","url":"https:\/\/trail-aneto.com\/wp-content\/uploads\/2020\/03\/Trail-Aneto-Posets-Salenques-1.jpg","contentUrl":"https:\/\/trail-aneto.com\/wp-content\/uploads\/2020\/03\/Trail-Aneto-Posets-Salenques-1.jpg","width":2048,"height":1536,"caption":"dea en salenques"},{"@type":"BreadcrumbList","@id":"https:\/\/trail-aneto.com\/en\/gran-trail-aneto-posets-un-evento-cardioprotegido\/#breadcrumb","itemListElement":[{"@type":"ListItem","position":1,"name":"Portada","item":"https:\/\/trail-aneto.com\/"},{"@type":"ListItem","position":2,"name":"Gran Trail Aneto-Posets, un evento cardioprotegido"}]},{"@type":"WebSite","@id":"https:\/\/trail-aneto.com\/#website","url":"https:\/\/trail-aneto.com\/","name":"GTTAP","description":"An Extreme Pyrenees - An Infinite Tour","publisher":{"@id":"https:\/\/trail-aneto.com\/#organization"},"potentialAction":[{"@type":"SearchAction","target":{"@type":"EntryPoint","urlTemplate":"https:\/\/trail-aneto.com\/?s={search_term_string}"},"query-input":{"@type":"PropertyValueSpecification","valueRequired":true,"valueName":"search_term_string"}}],"inLanguage":"fr-FR"},{"@type":"Organization","@id":"https:\/\/trail-aneto.com\/#organization","name":"Grand sentier Aneto-Posets de Trangoworld","url":"https:\/\/trail-aneto.com\/","logo":{"@type":"ImageObject","inLanguage":"fr-FR","@id":"https:\/\/trail-aneto.com\/#\/schema\/logo\/image\/","url":"https:\/\/trail-aneto.com\/wp-content\/uploads\/2020\/01\/GTTAP-logo.png","contentUrl":"https:\/\/trail-aneto.com\/wp-content\/uploads\/2020\/01\/GTTAP-logo.png","width":253,"height":253,"caption":"Gran Trail Trangoworld Aneto-Posets"},"image":{"@id":"https:\/\/trail-aneto.com\/#\/schema\/logo\/image\/"},"sameAs":["https:\/\/www.facebook.com\/GranTrailAnetoPosets\/","https:\/\/www.instagram.com\/grantrailaneto\/?hl=es"]},{"@type":"Person","@id":"https:\/\/trail-aneto.com\/#\/schema\/person\/e843a80cb50850cecefd7ed1e7c40092","name":"Sara Guerin Bonet","image":{"@type":"ImageObject","inLanguage":"fr-FR","@id":"https:\/\/secure.gravatar.com\/avatar\/61b1dbaf84033919a30173239041a2f152b9c4e88d12c67072714a0f3501b6fd?s=96&d=mm&r=g","url":"https:\/\/secure.gravatar.com\/avatar\/61b1dbaf84033919a30173239041a2f152b9c4e88d12c67072714a0f3501b6fd?s=96&d=mm&r=g","contentUrl":"https:\/\/secure.gravatar.com\/avatar\/61b1dbaf84033919a30173239041a2f152b9c4e88d12c67072714a0f3501b6fd?s=96&d=mm&r=g","caption":"Sara Guerin Bonet"},"sameAs":["http:\/\/trail-aneto.com"],"url":"https:\/\/trail-aneto.com\/fr\/author\/saragttap\/"}]}},"_links":{"self":[{"href":"https:\/\/trail-aneto.com\/fr\/wp-json\/wp\/v2\/posts\/9134","targetHints":{"allow":["GET"]}}],"collection":[{"href":"https:\/\/trail-aneto.com\/fr\/wp-json\/wp\/v2\/posts"}],"about":[{"href":"https:\/\/trail-aneto.com\/fr\/wp-json\/wp\/v2\/types\/post"}],"author":[{"embeddable":true,"href":"https:\/\/trail-aneto.com\/fr\/wp-json\/wp\/v2\/users\/3"}],"replies":[{"embeddable":true,"href":"https:\/\/trail-aneto.com\/fr\/wp-json\/wp\/v2\/comments?post=9134"}],"version-history":[{"count":12,"href":"https:\/\/trail-aneto.com\/fr\/wp-json\/wp\/v2\/posts\/9134\/revisions"}],"predecessor-version":[{"id":9510,"href":"https:\/\/trail-aneto.com\/fr\/wp-json\/wp\/v2\/posts\/9134\/revisions\/9510"}],"wp:featuredmedia":[{"embeddable":true,"href":"https:\/\/trail-aneto.com\/fr\/wp-json\/wp\/v2\/media\/9137"}],"wp:attachment":[{"href":"https:\/\/trail-aneto.com\/fr\/wp-json\/wp\/v2\/media?parent=9134"}],"wp:term":[{"taxonomy":"category","embeddable":true,"href":"https:\/\/trail-aneto.com\/fr\/wp-json\/wp\/v2\/categories?post=9134"},{"taxonomy":"post_tag","embeddable":true,"href":"https:\/\/trail-aneto.com\/fr\/wp-json\/wp\/v2\/tags?post=9134"}],"curies":[{"name":"wp","href":"https:\/\/api.w.org\/{rel}","templated":true}]}}