{"id":9149,"date":"2020-03-17T12:20:18","date_gmt":"2020-03-17T11:20:18","guid":{"rendered":"https:\/\/trail-aneto.com\/?p=9149"},"modified":"2020-03-17T12:20:18","modified_gmt":"2020-03-17T11:20:18","slug":"gran-trail-trangoworld-aneto-posets-comunicado-covid-19","status":"publish","type":"post","link":"https:\/\/trail-aneto.com\/fr\/gran-trail-trangoworld-aneto-posets-comunicado-covid-19\/","title":{"rendered":"Great Trail Trangoworld Aneto-Posets, d\u00e9claration COVID-19"},"content":{"rendered":"<p>Chers coureurs et coureurs et amis de <strong>Grand sentier Aneto-Posets de Trangoworld<\/strong>,<\/p>\n\n\n\n<p>De la direction et de l&#039;organisation du test, nous voulons vous dire quelle est la situation concernant sa c\u00e9l\u00e9bration et quelles sont nos impressions sur le <strong>Coronavirus COVID-19<\/strong>. <strong>Nous gardons les dates et l&#039;intention de faire avancer l&#039;\u00e9v\u00e9nement pour l&#039;instant<\/strong>. Il reste exactement 4 mois pour sa c\u00e9l\u00e9bration (du 16 au 19 juillet), nous esp\u00e9rons donc que d&#039;ici l\u00e0, nous aurons surmont\u00e9 la situation gr\u00e2ce aux efforts de tous.<\/p>\n\n\n\n<p>Cependant, nous sommes conscients de l\u2019\u00e9volution rapide des \u00e9v\u00e9nements et<strong> nous suivrons les mesures que la situation requiert<\/strong> \u00e0 chaque instant dans les semaines qui suivent. Nous encourageons notre communaut\u00e9 \u00e0 suivre sans exception les consignes de s\u00e9curit\u00e9 des autorit\u00e9s et \u00e0 poursuivre ses efforts pour gagner la bataille contre le coronavirus en \u00e9tant responsable et solidaire.<\/p>\n\n\n\n<p>Nous voulons rejoindre le <strong>merci<\/strong> envers toutes les personnes qui se battent au pied du canyon pour stopper la pand\u00e9mie. Aux professionnels de la sant\u00e9, \u00e0 la protection civile, aux forces de s\u00e9curit\u00e9 de l&#039;Etat et aux travailleurs qui nous assurent des prestations minimales, et \u00e0 ceux qui sont contraints de fermer leurs commerces ou de cesser leurs activit\u00e9s pour la sant\u00e9 de tous. <strong>MERCI<\/strong>.<\/p>\n\n\n\n<p>Pour la partie qui nous touche, beaucoup d&#039;esprits aussi \u00e0 tous <strong>organisations d&#039;essais sportifs<\/strong> qui annulent et reportent leurs \u00e9v\u00e9nements. Vous connaissez tous l&#039;effort et l&#039;enthousiasme qui se d\u00e9posent, depuis des mois, pour mener \u00e0 bien une comp\u00e9tition: de l&#039;organisation la plus humble, \u00e0 celles qui d\u00e9placent des milliers de coureurs. J&#039;encourage \u00e9galement tous les athl\u00e8tes, \u00e9lites et amateurs, qui vont r\u00e9organiser leur saison ou y renoncer. Tout cela reste \u00e9videmment \u00e0 l&#039;arri\u00e8re-plan auquel tous <strong>nous nous sommes consciemment et volontiers rel\u00e9gu\u00e9s pour concentrer nos efforts dans la lutte contre le COVID-19<\/strong>.<\/p>\n\n\n\n<p>Pour notre part, et si la situation est s\u00fbre,<strong> nous ferons tout notre possible pour r\u00e9aliser le Great Trail Trangoworld Aneto-Posets<\/strong> afin que nous puissions \u00e0 nouveau profiter de la montagne et partager notre passion en toute s\u00e9curit\u00e9, lors de la grande f\u00eate des courses de montagne.<\/p>\n\n\n\n<p><strong>#queenteencasa #yoentrenoencasa #frenalacurva<\/strong><\/p>","protected":false},"excerpt":{"rendered":"<p>Queridos corredores y corredoras y amigos del Gran Trail Trangoworld Aneto-Posets, Desde la direcci\u00f3n y organizaci\u00f3n de la prueba queremos comunicaros cu\u00e1l es la situaci\u00f3n con respecto a su celebraci\u00f3n y cu\u00e1les son nuestras impresiones ante el Coronavirus COVID-19. Mantenemos las fechas y la intenci\u00f3n&#8230;<\/p>","protected":false},"author":3,"featured_media":9150,"comment_status":"open","ping_status":"closed","sticky":false,"template":"","format":"standard","meta":{"footnotes":""},"categories":[255],"tags":[309],"class_list":["post-9149","post","type-post","status-publish","format-standard","has-post-thumbnail","hentry","category-noticias","tag-grantrailanetoposets"],"yoast_head":"<!-- This site is optimized with the Yoast SEO plugin v27.4 - https:\/\/yoast.com\/product\/yoast-seo-wordpress\/ -->\n<title>Gran Trail Trangoworld Aneto-Posets, comunicado COVID-19 - GTTAP<\/title>\n<meta name=\"robots\" content=\"index, follow, max-snippet:-1, max-image-preview:large, max-video-preview:-1\" \/>\n<link rel=\"canonical\" href=\"https:\/\/trail-aneto.com\/fr\/gran-trail-trangoworld-aneto-posets-comunicado-covid-19\/\" \/>\n<meta property=\"og:locale\" content=\"fr_FR\" \/>\n<meta property=\"og:type\" content=\"article\" \/>\n<meta property=\"og:title\" content=\"Gran Trail Trangoworld Aneto-Posets, comunicado COVID-19 - GTTAP\" \/>\n<meta property=\"og:description\" content=\"Queridos corredores y corredoras y amigos del Gran Trail Trangoworld Aneto-Posets, Desde la direcci\u00f3n y organizaci\u00f3n de la prueba queremos comunicaros cu\u00e1l es la situaci\u00f3n con respecto a su celebraci\u00f3n y cu\u00e1les son nuestras impresiones ante el Coronavirus COVID-19. Mantenemos las fechas y la intenci\u00f3n...\" \/>\n<meta property=\"og:url\" content=\"https:\/\/trail-aneto.com\/fr\/gran-trail-trangoworld-aneto-posets-comunicado-covid-19\/\" \/>\n<meta property=\"og:site_name\" content=\"GTTAP\" \/>\n<meta property=\"article:publisher\" content=\"https:\/\/www.facebook.com\/GranTrailAnetoPosets\/\" \/>\n<meta property=\"article:published_time\" content=\"2020-03-17T11:20:18+00:00\" \/>\n<meta property=\"og:image\" content=\"https:\/\/trail-aneto.com\/wp-content\/uploads\/2020\/03\/GTAP-2019-alta-201ddd-scaled.jpg\" \/>\n\t<meta property=\"og:image:width\" content=\"2560\" \/>\n\t<meta property=\"og:image:height\" content=\"1707\" \/>\n\t<meta property=\"og:image:type\" content=\"image\/jpeg\" \/>\n<meta name=\"author\" content=\"Sara Guerin Bonet\" \/>\n<meta name=\"twitter:card\" content=\"summary_large_image\" \/>\n<meta name=\"twitter:label1\" content=\"\u00c9crit par\" \/>\n\t<meta name=\"twitter:data1\" content=\"Sara Guerin Bonet\" \/>\n\t<meta name=\"twitter:label2\" content=\"Dur\u00e9e de lecture estim\u00e9e\" \/>\n\t<meta name=\"twitter:data2\" content=\"2 minutes\" \/>\n<script type=\"application\/ld+json\" class=\"yoast-schema-graph\">{\"@context\":\"https:\\\/\\\/schema.org\",\"@graph\":[{\"@type\":\"Article\",\"@id\":\"https:\\\/\\\/trail-aneto.com\\\/gran-trail-trangoworld-aneto-posets-comunicado-covid-19\\\/#article\",\"isPartOf\":{\"@id\":\"https:\\\/\\\/trail-aneto.com\\\/gran-trail-trangoworld-aneto-posets-comunicado-covid-19\\\/\"},\"author\":{\"name\":\"Sara Guerin Bonet\",\"@id\":\"https:\\\/\\\/trail-aneto.com\\\/#\\\/schema\\\/person\\\/e843a80cb50850cecefd7ed1e7c40092\"},\"headline\":\"Gran Trail Trangoworld Aneto-Posets, comunicado COVID-19\",\"datePublished\":\"2020-03-17T11:20:18+00:00\",\"mainEntityOfPage\":{\"@id\":\"https:\\\/\\\/trail-aneto.com\\\/gran-trail-trangoworld-aneto-posets-comunicado-covid-19\\\/\"},\"wordCount\":382,\"commentCount\":0,\"publisher\":{\"@id\":\"https:\\\/\\\/trail-aneto.com\\\/#organization\"},\"image\":{\"@id\":\"https:\\\/\\\/trail-aneto.com\\\/gran-trail-trangoworld-aneto-posets-comunicado-covid-19\\\/#primaryimage\"},\"thumbnailUrl\":\"https:\\\/\\\/trail-aneto.com\\\/wp-content\\\/uploads\\\/2020\\\/03\\\/GTAP-2019-alta-201ddd-scaled.jpg\",\"keywords\":[\"grantrailanetoposets\"],\"articleSection\":[\"noticias\"],\"inLanguage\":\"fr-FR\",\"potentialAction\":[{\"@type\":\"CommentAction\",\"name\":\"Comment\",\"target\":[\"https:\\\/\\\/trail-aneto.com\\\/gran-trail-trangoworld-aneto-posets-comunicado-covid-19\\\/#respond\"]}]},{\"@type\":\"WebPage\",\"@id\":\"https:\\\/\\\/trail-aneto.com\\\/gran-trail-trangoworld-aneto-posets-comunicado-covid-19\\\/\",\"url\":\"https:\\\/\\\/trail-aneto.com\\\/gran-trail-trangoworld-aneto-posets-comunicado-covid-19\\\/\",\"name\":\"Gran Trail Trangoworld Aneto-Posets, comunicado COVID-19 - GTTAP\",\"isPartOf\":{\"@id\":\"https:\\\/\\\/trail-aneto.com\\\/#website\"},\"primaryImageOfPage\":{\"@id\":\"https:\\\/\\\/trail-aneto.com\\\/gran-trail-trangoworld-aneto-posets-comunicado-covid-19\\\/#primaryimage\"},\"image\":{\"@id\":\"https:\\\/\\\/trail-aneto.com\\\/gran-trail-trangoworld-aneto-posets-comunicado-covid-19\\\/#primaryimage\"},\"thumbnailUrl\":\"https:\\\/\\\/trail-aneto.com\\\/wp-content\\\/uploads\\\/2020\\\/03\\\/GTAP-2019-alta-201ddd-scaled.jpg\",\"datePublished\":\"2020-03-17T11:20:18+00:00\",\"breadcrumb\":{\"@id\":\"https:\\\/\\\/trail-aneto.com\\\/gran-trail-trangoworld-aneto-posets-comunicado-covid-19\\\/#breadcrumb\"},\"inLanguage\":\"fr-FR\",\"potentialAction\":[{\"@type\":\"ReadAction\",\"target\":[\"https:\\\/\\\/trail-aneto.com\\\/gran-trail-trangoworld-aneto-posets-comunicado-covid-19\\\/\"]}]},{\"@type\":\"ImageObject\",\"inLanguage\":\"fr-FR\",\"@id\":\"https:\\\/\\\/trail-aneto.com\\\/gran-trail-trangoworld-aneto-posets-comunicado-covid-19\\\/#primaryimage\",\"url\":\"https:\\\/\\\/trail-aneto.com\\\/wp-content\\\/uploads\\\/2020\\\/03\\\/GTAP-2019-alta-201ddd-scaled.jpg\",\"contentUrl\":\"https:\\\/\\\/trail-aneto.com\\\/wp-content\\\/uploads\\\/2020\\\/03\\\/GTAP-2019-alta-201ddd-scaled.jpg\",\"width\":2560,\"height\":1707},{\"@type\":\"BreadcrumbList\",\"@id\":\"https:\\\/\\\/trail-aneto.com\\\/gran-trail-trangoworld-aneto-posets-comunicado-covid-19\\\/#breadcrumb\",\"itemListElement\":[{\"@type\":\"ListItem\",\"position\":1,\"name\":\"Portada\",\"item\":\"https:\\\/\\\/trail-aneto.com\\\/\"},{\"@type\":\"ListItem\",\"position\":2,\"name\":\"Gran Trail Trangoworld Aneto-Posets, comunicado COVID-19\"}]},{\"@type\":\"WebSite\",\"@id\":\"https:\\\/\\\/trail-aneto.com\\\/#website\",\"url\":\"https:\\\/\\\/trail-aneto.com\\\/\",\"name\":\"GTTAP\",\"description\":\"Un Pirineo Extremo - Un Recorrido Infinito\",\"publisher\":{\"@id\":\"https:\\\/\\\/trail-aneto.com\\\/#organization\"},\"potentialAction\":[{\"@type\":\"SearchAction\",\"target\":{\"@type\":\"EntryPoint\",\"urlTemplate\":\"https:\\\/\\\/trail-aneto.com\\\/?s={search_term_string}\"},\"query-input\":{\"@type\":\"PropertyValueSpecification\",\"valueRequired\":true,\"valueName\":\"search_term_string\"}}],\"inLanguage\":\"fr-FR\"},{\"@type\":\"Organization\",\"@id\":\"https:\\\/\\\/trail-aneto.com\\\/#organization\",\"name\":\"Gran Trail Trangoworld Aneto-Posets\",\"url\":\"https:\\\/\\\/trail-aneto.com\\\/\",\"logo\":{\"@type\":\"ImageObject\",\"inLanguage\":\"fr-FR\",\"@id\":\"https:\\\/\\\/trail-aneto.com\\\/#\\\/schema\\\/logo\\\/image\\\/\",\"url\":\"https:\\\/\\\/trail-aneto.com\\\/wp-content\\\/uploads\\\/2020\\\/01\\\/GTTAP-logo.png\",\"contentUrl\":\"https:\\\/\\\/trail-aneto.com\\\/wp-content\\\/uploads\\\/2020\\\/01\\\/GTTAP-logo.png\",\"width\":253,\"height\":253,\"caption\":\"Gran Trail Trangoworld Aneto-Posets\"},\"image\":{\"@id\":\"https:\\\/\\\/trail-aneto.com\\\/#\\\/schema\\\/logo\\\/image\\\/\"},\"sameAs\":[\"https:\\\/\\\/www.facebook.com\\\/GranTrailAnetoPosets\\\/\",\"https:\\\/\\\/www.instagram.com\\\/grantrailaneto\\\/?hl=es\"]},{\"@type\":\"Person\",\"@id\":\"https:\\\/\\\/trail-aneto.com\\\/#\\\/schema\\\/person\\\/e843a80cb50850cecefd7ed1e7c40092\",\"name\":\"Sara Guerin Bonet\",\"image\":{\"@type\":\"ImageObject\",\"inLanguage\":\"fr-FR\",\"@id\":\"https:\\\/\\\/secure.gravatar.com\\\/avatar\\\/61b1dbaf84033919a30173239041a2f152b9c4e88d12c67072714a0f3501b6fd?s=96&d=mm&r=g\",\"url\":\"https:\\\/\\\/secure.gravatar.com\\\/avatar\\\/61b1dbaf84033919a30173239041a2f152b9c4e88d12c67072714a0f3501b6fd?s=96&d=mm&r=g\",\"contentUrl\":\"https:\\\/\\\/secure.gravatar.com\\\/avatar\\\/61b1dbaf84033919a30173239041a2f152b9c4e88d12c67072714a0f3501b6fd?s=96&d=mm&r=g\",\"caption\":\"Sara Guerin Bonet\"},\"sameAs\":[\"http:\\\/\\\/trail-aneto.com\"],\"url\":\"https:\\\/\\\/trail-aneto.com\\\/fr\\\/author\\\/saragttap\\\/\"}]}<\/script>\n<!-- \/ Yoast SEO plugin. -->","yoast_head_json":{"title":"Gran Trail Trangoworld Aneto-Posets, comunicado COVID-19 - GTTAP","robots":{"index":"index","follow":"follow","max-snippet":"max-snippet:-1","max-image-preview":"max-image-preview:large","max-video-preview":"max-video-preview:-1"},"canonical":"https:\/\/trail-aneto.com\/fr\/gran-trail-trangoworld-aneto-posets-comunicado-covid-19\/","og_locale":"fr_FR","og_type":"article","og_title":"Gran Trail Trangoworld Aneto-Posets, comunicado COVID-19 - GTTAP","og_description":"Queridos corredores y corredoras y amigos del Gran Trail Trangoworld Aneto-Posets, Desde la direcci\u00f3n y organizaci\u00f3n de la prueba queremos comunicaros cu\u00e1l es la situaci\u00f3n con respecto a su celebraci\u00f3n y cu\u00e1les son nuestras impresiones ante el Coronavirus COVID-19. Mantenemos las fechas y la intenci\u00f3n...","og_url":"https:\/\/trail-aneto.com\/fr\/gran-trail-trangoworld-aneto-posets-comunicado-covid-19\/","og_site_name":"GTTAP","article_publisher":"https:\/\/www.facebook.com\/GranTrailAnetoPosets\/","article_published_time":"2020-03-17T11:20:18+00:00","og_image":[{"width":2560,"height":1707,"url":"https:\/\/trail-aneto.com\/wp-content\/uploads\/2020\/03\/GTAP-2019-alta-201ddd-scaled.jpg","type":"image\/jpeg"}],"author":"Sara Guerin Bonet","twitter_card":"summary_large_image","twitter_misc":{"\u00c9crit par":"Sara Guerin Bonet","Dur\u00e9e de lecture estim\u00e9e":"2 minutes"},"schema":{"@context":"https:\/\/schema.org","@graph":[{"@type":"Article","@id":"https:\/\/trail-aneto.com\/gran-trail-trangoworld-aneto-posets-comunicado-covid-19\/#article","isPartOf":{"@id":"https:\/\/trail-aneto.com\/gran-trail-trangoworld-aneto-posets-comunicado-covid-19\/"},"author":{"name":"Sara Guerin Bonet","@id":"https:\/\/trail-aneto.com\/#\/schema\/person\/e843a80cb50850cecefd7ed1e7c40092"},"headline":"Gran Trail Trangoworld Aneto-Posets, comunicado COVID-19","datePublished":"2020-03-17T11:20:18+00:00","mainEntityOfPage":{"@id":"https:\/\/trail-aneto.com\/gran-trail-trangoworld-aneto-posets-comunicado-covid-19\/"},"wordCount":382,"commentCount":0,"publisher":{"@id":"https:\/\/trail-aneto.com\/#organization"},"image":{"@id":"https:\/\/trail-aneto.com\/gran-trail-trangoworld-aneto-posets-comunicado-covid-19\/#primaryimage"},"thumbnailUrl":"https:\/\/trail-aneto.com\/wp-content\/uploads\/2020\/03\/GTAP-2019-alta-201ddd-scaled.jpg","keywords":["grantrailanetoposets"],"articleSection":["noticias"],"inLanguage":"fr-FR","potentialAction":[{"@type":"CommentAction","name":"Comment","target":["https:\/\/trail-aneto.com\/gran-trail-trangoworld-aneto-posets-comunicado-covid-19\/#respond"]}]},{"@type":"WebPage","@id":"https:\/\/trail-aneto.com\/gran-trail-trangoworld-aneto-posets-comunicado-covid-19\/","url":"https:\/\/trail-aneto.com\/gran-trail-trangoworld-aneto-posets-comunicado-covid-19\/","name":"Gran Trail Trangoworld Aneto-Posets, comunicado COVID-19 - GTTAP","isPartOf":{"@id":"https:\/\/trail-aneto.com\/#website"},"primaryImageOfPage":{"@id":"https:\/\/trail-aneto.com\/gran-trail-trangoworld-aneto-posets-comunicado-covid-19\/#primaryimage"},"image":{"@id":"https:\/\/trail-aneto.com\/gran-trail-trangoworld-aneto-posets-comunicado-covid-19\/#primaryimage"},"thumbnailUrl":"https:\/\/trail-aneto.com\/wp-content\/uploads\/2020\/03\/GTAP-2019-alta-201ddd-scaled.jpg","datePublished":"2020-03-17T11:20:18+00:00","breadcrumb":{"@id":"https:\/\/trail-aneto.com\/gran-trail-trangoworld-aneto-posets-comunicado-covid-19\/#breadcrumb"},"inLanguage":"fr-FR","potentialAction":[{"@type":"ReadAction","target":["https:\/\/trail-aneto.com\/gran-trail-trangoworld-aneto-posets-comunicado-covid-19\/"]}]},{"@type":"ImageObject","inLanguage":"fr-FR","@id":"https:\/\/trail-aneto.com\/gran-trail-trangoworld-aneto-posets-comunicado-covid-19\/#primaryimage","url":"https:\/\/trail-aneto.com\/wp-content\/uploads\/2020\/03\/GTAP-2019-alta-201ddd-scaled.jpg","contentUrl":"https:\/\/trail-aneto.com\/wp-content\/uploads\/2020\/03\/GTAP-2019-alta-201ddd-scaled.jpg","width":2560,"height":1707},{"@type":"BreadcrumbList","@id":"https:\/\/trail-aneto.com\/gran-trail-trangoworld-aneto-posets-comunicado-covid-19\/#breadcrumb","itemListElement":[{"@type":"ListItem","position":1,"name":"Portada","item":"https:\/\/trail-aneto.com\/"},{"@type":"ListItem","position":2,"name":"Gran Trail Trangoworld Aneto-Posets, comunicado COVID-19"}]},{"@type":"WebSite","@id":"https:\/\/trail-aneto.com\/#website","url":"https:\/\/trail-aneto.com\/","name":"GTTAP","description":"An Extreme Pyrenees - An Infinite Tour","publisher":{"@id":"https:\/\/trail-aneto.com\/#organization"},"potentialAction":[{"@type":"SearchAction","target":{"@type":"EntryPoint","urlTemplate":"https:\/\/trail-aneto.com\/?s={search_term_string}"},"query-input":{"@type":"PropertyValueSpecification","valueRequired":true,"valueName":"search_term_string"}}],"inLanguage":"fr-FR"},{"@type":"Organization","@id":"https:\/\/trail-aneto.com\/#organization","name":"Grand sentier Aneto-Posets de Trangoworld","url":"https:\/\/trail-aneto.com\/","logo":{"@type":"ImageObject","inLanguage":"fr-FR","@id":"https:\/\/trail-aneto.com\/#\/schema\/logo\/image\/","url":"https:\/\/trail-aneto.com\/wp-content\/uploads\/2020\/01\/GTTAP-logo.png","contentUrl":"https:\/\/trail-aneto.com\/wp-content\/uploads\/2020\/01\/GTTAP-logo.png","width":253,"height":253,"caption":"Gran Trail Trangoworld Aneto-Posets"},"image":{"@id":"https:\/\/trail-aneto.com\/#\/schema\/logo\/image\/"},"sameAs":["https:\/\/www.facebook.com\/GranTrailAnetoPosets\/","https:\/\/www.instagram.com\/grantrailaneto\/?hl=es"]},{"@type":"Person","@id":"https:\/\/trail-aneto.com\/#\/schema\/person\/e843a80cb50850cecefd7ed1e7c40092","name":"Sara Guerin Bonet","image":{"@type":"ImageObject","inLanguage":"fr-FR","@id":"https:\/\/secure.gravatar.com\/avatar\/61b1dbaf84033919a30173239041a2f152b9c4e88d12c67072714a0f3501b6fd?s=96&d=mm&r=g","url":"https:\/\/secure.gravatar.com\/avatar\/61b1dbaf84033919a30173239041a2f152b9c4e88d12c67072714a0f3501b6fd?s=96&d=mm&r=g","contentUrl":"https:\/\/secure.gravatar.com\/avatar\/61b1dbaf84033919a30173239041a2f152b9c4e88d12c67072714a0f3501b6fd?s=96&d=mm&r=g","caption":"Sara Guerin Bonet"},"sameAs":["http:\/\/trail-aneto.com"],"url":"https:\/\/trail-aneto.com\/fr\/author\/saragttap\/"}]}},"_links":{"self":[{"href":"https:\/\/trail-aneto.com\/fr\/wp-json\/wp\/v2\/posts\/9149","targetHints":{"allow":["GET"]}}],"collection":[{"href":"https:\/\/trail-aneto.com\/fr\/wp-json\/wp\/v2\/posts"}],"about":[{"href":"https:\/\/trail-aneto.com\/fr\/wp-json\/wp\/v2\/types\/post"}],"author":[{"embeddable":true,"href":"https:\/\/trail-aneto.com\/fr\/wp-json\/wp\/v2\/users\/3"}],"replies":[{"embeddable":true,"href":"https:\/\/trail-aneto.com\/fr\/wp-json\/wp\/v2\/comments?post=9149"}],"version-history":[{"count":2,"href":"https:\/\/trail-aneto.com\/fr\/wp-json\/wp\/v2\/posts\/9149\/revisions"}],"predecessor-version":[{"id":9152,"href":"https:\/\/trail-aneto.com\/fr\/wp-json\/wp\/v2\/posts\/9149\/revisions\/9152"}],"wp:featuredmedia":[{"embeddable":true,"href":"https:\/\/trail-aneto.com\/fr\/wp-json\/wp\/v2\/media\/9150"}],"wp:attachment":[{"href":"https:\/\/trail-aneto.com\/fr\/wp-json\/wp\/v2\/media?parent=9149"}],"wp:term":[{"taxonomy":"category","embeddable":true,"href":"https:\/\/trail-aneto.com\/fr\/wp-json\/wp\/v2\/categories?post=9149"},{"taxonomy":"post_tag","embeddable":true,"href":"https:\/\/trail-aneto.com\/fr\/wp-json\/wp\/v2\/tags?post=9149"}],"curies":[{"name":"wp","href":"https:\/\/api.w.org\/{rel}","templated":true}]}}