{"id":9170,"date":"2020-05-15T09:55:27","date_gmt":"2020-05-15T07:55:27","guid":{"rendered":"https:\/\/trail-aneto.com\/?p=9170"},"modified":"2020-05-15T12:11:58","modified_gmt":"2020-05-15T10:11:58","slug":"comunicado-oficial-gttap-2020","status":"publish","type":"post","link":"https:\/\/trail-aneto.com\/fr\/comunicado-oficial-gttap-2020\/","title":{"rendered":"D\u00e9claration officielle GTTAP 2020"},"content":{"rendered":"<p>Chers coureurs, sponsors, collaborateurs, b\u00e9n\u00e9voles et amis, bref, ch\u00e8re grande famille du Great Trail Trangoworld Aneto-Posets:<\/p>\n\n\n\n<p>Tout d&#039;abord, nous tenons \u00e0 vous remercier de votre patience dans notre prise de d\u00e9cision concernant la tenue du test dans le contexte de la crise provoqu\u00e9e par le Covid-19. Ce fut une d\u00e9cision r\u00e9fl\u00e9chie et complexe \u00e0 prendre pour toutes les parties impliqu\u00e9es dans l&#039;organisation de l&#039;\u00e9v\u00e9nement.<\/p>\n\n\n\n<p>L&#039;organisation a d\u00e9cid\u00e9 que la huiti\u00e8me \u00e9dition du GTTAP, qui devait se tenir en juillet 2020,<strong> d\u00e9finitivement report\u00e9e les 22, 23, 24 et 25 juillet 2021<\/strong>.<\/p>\n\n\n\n<p>Nous pensons que c&#039;est la d\u00e9cision la plus pr\u00e9cise et la plus responsable, \u00e0 la fois en raison de l&#039;incertitude qui persistera dans les prochains mois et de la n\u00e9cessit\u00e9 pour nous tous de contribuer de la mani\u00e8re la plus efficace \u00e0 la normalisation de cette situation anormale. Comme vous pouvez tous le supposer, nous n&#039;avons pas manqu\u00e9 de forces, d&#039;\u00e9quipes et d&#039;enthousiasme, car nous avons travaill\u00e9 autant que possible \u00e0 l&#039;organisation de l&#039;\u00e9v\u00e9nement. Et tout cet effort passionnant sera celui que nous redoublerons l&#039;ann\u00e9e prochaine.<\/p>\n\n\n\n<p>Ci-dessous, nous pr\u00e9sentons les solutions propos\u00e9es pour les inscrits:<\/p>\n\n\n\n<ul class=\"wp-block-list\"><li>Chaque participant <strong>Vous pouvez utiliser votre inscription pour c\u00e9l\u00e9brer le GTTAP en 2021<\/strong>, sans aucun frais.<\/li><li>Si vous pr\u00e9f\u00e9rez officialiser le retrait, <strong>les frais d&#039;inscription seront rembours\u00e9s<\/strong>, l&#039;assurance annulation avait \u00e9t\u00e9 contract\u00e9e ou non et incluait celle-ci, \u00e0 l&#039;exception d&#039;une estimation moyenne des frais de gestion (3 \u20ac). Une assurance accident pour les participants non f\u00e9d\u00e9r\u00e9s qui l&#039;ont contract\u00e9e sera \u00e9galement rembours\u00e9e.<\/li><\/ul>\n\n\n\n<p>Les inscrits ont un d\u00e9lai<strong> jusqu&#039;au 15 septembre pour prendre une d\u00e9cision<\/strong>. L&#039;organisation sera contact\u00e9e par email dans les prochains jours pour effectuer les d\u00e9marches n\u00e9cessaires.<\/p>\n\n\n\n<p>Nous voulons transmettre nos encouragements de la Benasque Valley Tourism and Business Association, PRAMES et le Pe\u00f1a Guara Mountain Club, et nous esp\u00e9rons vous accueillir l&#039;ann\u00e9e prochaine. Les coureurs auront le temps de bien s&#039;entra\u00eener et, esp\u00e9rons-le, il n&#039;y aura aucune excuse, car notre intention est que le grand festival des courses de montagne resplendisse dans les Pyr\u00e9n\u00e9es extr\u00eames, sur un parcours infini.<\/p>\n\n\n\n<p>Nous esp\u00e9rons que la situation sanitaire continue de s&#039;am\u00e9liorer petit \u00e0 petit et que nous pourrons \u00e0 nouveau profiter ensemble de la vall\u00e9e de Benasque.<\/p>\n\n\n\n<p>Prenez soin de vous et merci d&#039;\u00eatre l\u00e0 avec nous.<\/p>","protected":false},"excerpt":{"rendered":"<p>Queridos corredores, patrocinadores, colaboradores, voluntarios y amigos, en definitiva, querida gran familia del Gran Trail Trangoworld Aneto-Posets: En primer lugar, queremos agradecer vuestra paciencia ante nuestra toma de decisi\u00f3n sobre la celebraci\u00f3n de la prueba en el contexto de la crisis provocada por el Covid-19&#8230;.<\/p>","protected":false},"author":3,"featured_media":9175,"comment_status":"closed","ping_status":"closed","sticky":false,"template":"","format":"standard","meta":{"footnotes":""},"categories":[255],"tags":[331,330,325,258],"class_list":["post-9170","post","type-post","status-publish","format-standard","has-post-thumbnail","hentry","category-noticias","tag-comunicado","tag-covid19","tag-gttap","tag-gttap20"],"yoast_head":"<!-- This site is optimized with the Yoast SEO plugin v27.4 - https:\/\/yoast.com\/product\/yoast-seo-wordpress\/ -->\n<title>Comunicado oficial GTTAP 2020 - GTTAP<\/title>\n<meta name=\"robots\" content=\"index, follow, max-snippet:-1, max-image-preview:large, max-video-preview:-1\" \/>\n<link rel=\"canonical\" href=\"https:\/\/trail-aneto.com\/fr\/comunicado-oficial-gttap-2020\/\" \/>\n<meta property=\"og:locale\" content=\"fr_FR\" \/>\n<meta property=\"og:type\" content=\"article\" \/>\n<meta property=\"og:title\" content=\"Comunicado oficial GTTAP 2020 - GTTAP\" \/>\n<meta property=\"og:description\" content=\"Queridos corredores, patrocinadores, colaboradores, voluntarios y amigos, en definitiva, querida gran familia del Gran Trail Trangoworld Aneto-Posets: En primer lugar, queremos agradecer vuestra paciencia ante nuestra toma de decisi\u00f3n sobre la celebraci\u00f3n de la prueba en el contexto de la crisis provocada por el Covid-19....\" \/>\n<meta property=\"og:url\" content=\"https:\/\/trail-aneto.com\/fr\/comunicado-oficial-gttap-2020\/\" \/>\n<meta property=\"og:site_name\" content=\"GTTAP\" \/>\n<meta property=\"article:publisher\" content=\"https:\/\/www.facebook.com\/GranTrailAnetoPosets\/\" \/>\n<meta property=\"article:published_time\" content=\"2020-05-15T07:55:27+00:00\" \/>\n<meta property=\"article:modified_time\" content=\"2020-05-15T10:11:58+00:00\" \/>\n<meta property=\"og:image\" content=\"https:\/\/trail-aneto.com\/wp-content\/uploads\/2020\/05\/533.jpg\" \/>\n\t<meta property=\"og:image:width\" content=\"2362\" \/>\n\t<meta property=\"og:image:height\" content=\"1332\" \/>\n\t<meta property=\"og:image:type\" content=\"image\/jpeg\" \/>\n<meta name=\"author\" content=\"Sara Guerin Bonet\" \/>\n<meta name=\"twitter:card\" content=\"summary_large_image\" \/>\n<meta name=\"twitter:label1\" content=\"\u00c9crit par\" \/>\n\t<meta name=\"twitter:data1\" content=\"Sara Guerin Bonet\" \/>\n\t<meta name=\"twitter:label2\" content=\"Dur\u00e9e de lecture estim\u00e9e\" \/>\n\t<meta name=\"twitter:data2\" content=\"2 minutes\" \/>\n<script type=\"application\/ld+json\" class=\"yoast-schema-graph\">{\"@context\":\"https:\\\/\\\/schema.org\",\"@graph\":[{\"@type\":\"Article\",\"@id\":\"https:\\\/\\\/trail-aneto.com\\\/en\\\/comunicado-oficial-gttap-2020\\\/#article\",\"isPartOf\":{\"@id\":\"https:\\\/\\\/trail-aneto.com\\\/en\\\/comunicado-oficial-gttap-2020\\\/\"},\"author\":{\"name\":\"Sara Guerin Bonet\",\"@id\":\"https:\\\/\\\/trail-aneto.com\\\/#\\\/schema\\\/person\\\/e843a80cb50850cecefd7ed1e7c40092\"},\"headline\":\"Comunicado oficial GTTAP 2020\",\"datePublished\":\"2020-05-15T07:55:27+00:00\",\"dateModified\":\"2020-05-15T10:11:58+00:00\",\"mainEntityOfPage\":{\"@id\":\"https:\\\/\\\/trail-aneto.com\\\/en\\\/comunicado-oficial-gttap-2020\\\/\"},\"wordCount\":431,\"publisher\":{\"@id\":\"https:\\\/\\\/trail-aneto.com\\\/#organization\"},\"image\":{\"@id\":\"https:\\\/\\\/trail-aneto.com\\\/en\\\/comunicado-oficial-gttap-2020\\\/#primaryimage\"},\"thumbnailUrl\":\"https:\\\/\\\/trail-aneto.com\\\/wp-content\\\/uploads\\\/2020\\\/05\\\/533.jpg\",\"keywords\":[\"comunicado\",\"covid19\",\"gttap\",\"gttap20\"],\"articleSection\":[\"noticias\"],\"inLanguage\":\"fr-FR\"},{\"@type\":\"WebPage\",\"@id\":\"https:\\\/\\\/trail-aneto.com\\\/en\\\/comunicado-oficial-gttap-2020\\\/\",\"url\":\"https:\\\/\\\/trail-aneto.com\\\/en\\\/comunicado-oficial-gttap-2020\\\/\",\"name\":\"Comunicado oficial GTTAP 2020 - GTTAP\",\"isPartOf\":{\"@id\":\"https:\\\/\\\/trail-aneto.com\\\/#website\"},\"primaryImageOfPage\":{\"@id\":\"https:\\\/\\\/trail-aneto.com\\\/en\\\/comunicado-oficial-gttap-2020\\\/#primaryimage\"},\"image\":{\"@id\":\"https:\\\/\\\/trail-aneto.com\\\/en\\\/comunicado-oficial-gttap-2020\\\/#primaryimage\"},\"thumbnailUrl\":\"https:\\\/\\\/trail-aneto.com\\\/wp-content\\\/uploads\\\/2020\\\/05\\\/533.jpg\",\"datePublished\":\"2020-05-15T07:55:27+00:00\",\"dateModified\":\"2020-05-15T10:11:58+00:00\",\"breadcrumb\":{\"@id\":\"https:\\\/\\\/trail-aneto.com\\\/en\\\/comunicado-oficial-gttap-2020\\\/#breadcrumb\"},\"inLanguage\":\"fr-FR\",\"potentialAction\":[{\"@type\":\"ReadAction\",\"target\":[\"https:\\\/\\\/trail-aneto.com\\\/en\\\/comunicado-oficial-gttap-2020\\\/\"]}]},{\"@type\":\"ImageObject\",\"inLanguage\":\"fr-FR\",\"@id\":\"https:\\\/\\\/trail-aneto.com\\\/en\\\/comunicado-oficial-gttap-2020\\\/#primaryimage\",\"url\":\"https:\\\/\\\/trail-aneto.com\\\/wp-content\\\/uploads\\\/2020\\\/05\\\/533.jpg\",\"contentUrl\":\"https:\\\/\\\/trail-aneto.com\\\/wp-content\\\/uploads\\\/2020\\\/05\\\/533.jpg\",\"width\":2362,\"height\":1332,\"caption\":\"gttap19\"},{\"@type\":\"BreadcrumbList\",\"@id\":\"https:\\\/\\\/trail-aneto.com\\\/en\\\/comunicado-oficial-gttap-2020\\\/#breadcrumb\",\"itemListElement\":[{\"@type\":\"ListItem\",\"position\":1,\"name\":\"Portada\",\"item\":\"https:\\\/\\\/trail-aneto.com\\\/\"},{\"@type\":\"ListItem\",\"position\":2,\"name\":\"Comunicado oficial GTTAP 2020\"}]},{\"@type\":\"WebSite\",\"@id\":\"https:\\\/\\\/trail-aneto.com\\\/#website\",\"url\":\"https:\\\/\\\/trail-aneto.com\\\/\",\"name\":\"GTTAP\",\"description\":\"Un Pirineo Extremo - Un Recorrido Infinito\",\"publisher\":{\"@id\":\"https:\\\/\\\/trail-aneto.com\\\/#organization\"},\"potentialAction\":[{\"@type\":\"SearchAction\",\"target\":{\"@type\":\"EntryPoint\",\"urlTemplate\":\"https:\\\/\\\/trail-aneto.com\\\/?s={search_term_string}\"},\"query-input\":{\"@type\":\"PropertyValueSpecification\",\"valueRequired\":true,\"valueName\":\"search_term_string\"}}],\"inLanguage\":\"fr-FR\"},{\"@type\":\"Organization\",\"@id\":\"https:\\\/\\\/trail-aneto.com\\\/#organization\",\"name\":\"Gran Trail Trangoworld Aneto-Posets\",\"url\":\"https:\\\/\\\/trail-aneto.com\\\/\",\"logo\":{\"@type\":\"ImageObject\",\"inLanguage\":\"fr-FR\",\"@id\":\"https:\\\/\\\/trail-aneto.com\\\/#\\\/schema\\\/logo\\\/image\\\/\",\"url\":\"https:\\\/\\\/trail-aneto.com\\\/wp-content\\\/uploads\\\/2020\\\/01\\\/GTTAP-logo.png\",\"contentUrl\":\"https:\\\/\\\/trail-aneto.com\\\/wp-content\\\/uploads\\\/2020\\\/01\\\/GTTAP-logo.png\",\"width\":253,\"height\":253,\"caption\":\"Gran Trail Trangoworld Aneto-Posets\"},\"image\":{\"@id\":\"https:\\\/\\\/trail-aneto.com\\\/#\\\/schema\\\/logo\\\/image\\\/\"},\"sameAs\":[\"https:\\\/\\\/www.facebook.com\\\/GranTrailAnetoPosets\\\/\",\"https:\\\/\\\/www.instagram.com\\\/grantrailaneto\\\/?hl=es\"]},{\"@type\":\"Person\",\"@id\":\"https:\\\/\\\/trail-aneto.com\\\/#\\\/schema\\\/person\\\/e843a80cb50850cecefd7ed1e7c40092\",\"name\":\"Sara Guerin Bonet\",\"image\":{\"@type\":\"ImageObject\",\"inLanguage\":\"fr-FR\",\"@id\":\"https:\\\/\\\/secure.gravatar.com\\\/avatar\\\/61b1dbaf84033919a30173239041a2f152b9c4e88d12c67072714a0f3501b6fd?s=96&d=mm&r=g\",\"url\":\"https:\\\/\\\/secure.gravatar.com\\\/avatar\\\/61b1dbaf84033919a30173239041a2f152b9c4e88d12c67072714a0f3501b6fd?s=96&d=mm&r=g\",\"contentUrl\":\"https:\\\/\\\/secure.gravatar.com\\\/avatar\\\/61b1dbaf84033919a30173239041a2f152b9c4e88d12c67072714a0f3501b6fd?s=96&d=mm&r=g\",\"caption\":\"Sara Guerin Bonet\"},\"sameAs\":[\"http:\\\/\\\/trail-aneto.com\"],\"url\":\"https:\\\/\\\/trail-aneto.com\\\/fr\\\/author\\\/saragttap\\\/\"}]}<\/script>\n<!-- \/ Yoast SEO plugin. -->","yoast_head_json":{"title":"Comunicado oficial GTTAP 2020 - GTTAP","robots":{"index":"index","follow":"follow","max-snippet":"max-snippet:-1","max-image-preview":"max-image-preview:large","max-video-preview":"max-video-preview:-1"},"canonical":"https:\/\/trail-aneto.com\/fr\/comunicado-oficial-gttap-2020\/","og_locale":"fr_FR","og_type":"article","og_title":"Comunicado oficial GTTAP 2020 - GTTAP","og_description":"Queridos corredores, patrocinadores, colaboradores, voluntarios y amigos, en definitiva, querida gran familia del Gran Trail Trangoworld Aneto-Posets: En primer lugar, queremos agradecer vuestra paciencia ante nuestra toma de decisi\u00f3n sobre la celebraci\u00f3n de la prueba en el contexto de la crisis provocada por el Covid-19....","og_url":"https:\/\/trail-aneto.com\/fr\/comunicado-oficial-gttap-2020\/","og_site_name":"GTTAP","article_publisher":"https:\/\/www.facebook.com\/GranTrailAnetoPosets\/","article_published_time":"2020-05-15T07:55:27+00:00","article_modified_time":"2020-05-15T10:11:58+00:00","og_image":[{"width":2362,"height":1332,"url":"https:\/\/trail-aneto.com\/wp-content\/uploads\/2020\/05\/533.jpg","type":"image\/jpeg"}],"author":"Sara Guerin Bonet","twitter_card":"summary_large_image","twitter_misc":{"\u00c9crit par":"Sara Guerin Bonet","Dur\u00e9e de lecture estim\u00e9e":"2 minutes"},"schema":{"@context":"https:\/\/schema.org","@graph":[{"@type":"Article","@id":"https:\/\/trail-aneto.com\/en\/comunicado-oficial-gttap-2020\/#article","isPartOf":{"@id":"https:\/\/trail-aneto.com\/en\/comunicado-oficial-gttap-2020\/"},"author":{"name":"Sara Guerin Bonet","@id":"https:\/\/trail-aneto.com\/#\/schema\/person\/e843a80cb50850cecefd7ed1e7c40092"},"headline":"Comunicado oficial GTTAP 2020","datePublished":"2020-05-15T07:55:27+00:00","dateModified":"2020-05-15T10:11:58+00:00","mainEntityOfPage":{"@id":"https:\/\/trail-aneto.com\/en\/comunicado-oficial-gttap-2020\/"},"wordCount":431,"publisher":{"@id":"https:\/\/trail-aneto.com\/#organization"},"image":{"@id":"https:\/\/trail-aneto.com\/en\/comunicado-oficial-gttap-2020\/#primaryimage"},"thumbnailUrl":"https:\/\/trail-aneto.com\/wp-content\/uploads\/2020\/05\/533.jpg","keywords":["comunicado","covid19","gttap","gttap20"],"articleSection":["noticias"],"inLanguage":"fr-FR"},{"@type":"WebPage","@id":"https:\/\/trail-aneto.com\/en\/comunicado-oficial-gttap-2020\/","url":"https:\/\/trail-aneto.com\/en\/comunicado-oficial-gttap-2020\/","name":"Comunicado oficial GTTAP 2020 - GTTAP","isPartOf":{"@id":"https:\/\/trail-aneto.com\/#website"},"primaryImageOfPage":{"@id":"https:\/\/trail-aneto.com\/en\/comunicado-oficial-gttap-2020\/#primaryimage"},"image":{"@id":"https:\/\/trail-aneto.com\/en\/comunicado-oficial-gttap-2020\/#primaryimage"},"thumbnailUrl":"https:\/\/trail-aneto.com\/wp-content\/uploads\/2020\/05\/533.jpg","datePublished":"2020-05-15T07:55:27+00:00","dateModified":"2020-05-15T10:11:58+00:00","breadcrumb":{"@id":"https:\/\/trail-aneto.com\/en\/comunicado-oficial-gttap-2020\/#breadcrumb"},"inLanguage":"fr-FR","potentialAction":[{"@type":"ReadAction","target":["https:\/\/trail-aneto.com\/en\/comunicado-oficial-gttap-2020\/"]}]},{"@type":"ImageObject","inLanguage":"fr-FR","@id":"https:\/\/trail-aneto.com\/en\/comunicado-oficial-gttap-2020\/#primaryimage","url":"https:\/\/trail-aneto.com\/wp-content\/uploads\/2020\/05\/533.jpg","contentUrl":"https:\/\/trail-aneto.com\/wp-content\/uploads\/2020\/05\/533.jpg","width":2362,"height":1332,"caption":"gttap19"},{"@type":"BreadcrumbList","@id":"https:\/\/trail-aneto.com\/en\/comunicado-oficial-gttap-2020\/#breadcrumb","itemListElement":[{"@type":"ListItem","position":1,"name":"Portada","item":"https:\/\/trail-aneto.com\/"},{"@type":"ListItem","position":2,"name":"Comunicado oficial GTTAP 2020"}]},{"@type":"WebSite","@id":"https:\/\/trail-aneto.com\/#website","url":"https:\/\/trail-aneto.com\/","name":"GTTAP","description":"An Extreme Pyrenees - An Infinite Tour","publisher":{"@id":"https:\/\/trail-aneto.com\/#organization"},"potentialAction":[{"@type":"SearchAction","target":{"@type":"EntryPoint","urlTemplate":"https:\/\/trail-aneto.com\/?s={search_term_string}"},"query-input":{"@type":"PropertyValueSpecification","valueRequired":true,"valueName":"search_term_string"}}],"inLanguage":"fr-FR"},{"@type":"Organization","@id":"https:\/\/trail-aneto.com\/#organization","name":"Grand sentier Aneto-Posets de Trangoworld","url":"https:\/\/trail-aneto.com\/","logo":{"@type":"ImageObject","inLanguage":"fr-FR","@id":"https:\/\/trail-aneto.com\/#\/schema\/logo\/image\/","url":"https:\/\/trail-aneto.com\/wp-content\/uploads\/2020\/01\/GTTAP-logo.png","contentUrl":"https:\/\/trail-aneto.com\/wp-content\/uploads\/2020\/01\/GTTAP-logo.png","width":253,"height":253,"caption":"Gran Trail Trangoworld Aneto-Posets"},"image":{"@id":"https:\/\/trail-aneto.com\/#\/schema\/logo\/image\/"},"sameAs":["https:\/\/www.facebook.com\/GranTrailAnetoPosets\/","https:\/\/www.instagram.com\/grantrailaneto\/?hl=es"]},{"@type":"Person","@id":"https:\/\/trail-aneto.com\/#\/schema\/person\/e843a80cb50850cecefd7ed1e7c40092","name":"Sara Guerin Bonet","image":{"@type":"ImageObject","inLanguage":"fr-FR","@id":"https:\/\/secure.gravatar.com\/avatar\/61b1dbaf84033919a30173239041a2f152b9c4e88d12c67072714a0f3501b6fd?s=96&d=mm&r=g","url":"https:\/\/secure.gravatar.com\/avatar\/61b1dbaf84033919a30173239041a2f152b9c4e88d12c67072714a0f3501b6fd?s=96&d=mm&r=g","contentUrl":"https:\/\/secure.gravatar.com\/avatar\/61b1dbaf84033919a30173239041a2f152b9c4e88d12c67072714a0f3501b6fd?s=96&d=mm&r=g","caption":"Sara Guerin Bonet"},"sameAs":["http:\/\/trail-aneto.com"],"url":"https:\/\/trail-aneto.com\/fr\/author\/saragttap\/"}]}},"_links":{"self":[{"href":"https:\/\/trail-aneto.com\/fr\/wp-json\/wp\/v2\/posts\/9170","targetHints":{"allow":["GET"]}}],"collection":[{"href":"https:\/\/trail-aneto.com\/fr\/wp-json\/wp\/v2\/posts"}],"about":[{"href":"https:\/\/trail-aneto.com\/fr\/wp-json\/wp\/v2\/types\/post"}],"author":[{"embeddable":true,"href":"https:\/\/trail-aneto.com\/fr\/wp-json\/wp\/v2\/users\/3"}],"replies":[{"embeddable":true,"href":"https:\/\/trail-aneto.com\/fr\/wp-json\/wp\/v2\/comments?post=9170"}],"version-history":[{"count":6,"href":"https:\/\/trail-aneto.com\/fr\/wp-json\/wp\/v2\/posts\/9170\/revisions"}],"predecessor-version":[{"id":9181,"href":"https:\/\/trail-aneto.com\/fr\/wp-json\/wp\/v2\/posts\/9170\/revisions\/9181"}],"wp:featuredmedia":[{"embeddable":true,"href":"https:\/\/trail-aneto.com\/fr\/wp-json\/wp\/v2\/media\/9175"}],"wp:attachment":[{"href":"https:\/\/trail-aneto.com\/fr\/wp-json\/wp\/v2\/media?parent=9170"}],"wp:term":[{"taxonomy":"category","embeddable":true,"href":"https:\/\/trail-aneto.com\/fr\/wp-json\/wp\/v2\/categories?post=9170"},{"taxonomy":"post_tag","embeddable":true,"href":"https:\/\/trail-aneto.com\/fr\/wp-json\/wp\/v2\/tags?post=9170"}],"curies":[{"name":"wp","href":"https:\/\/api.w.org\/{rel}","templated":true}]}}