{"id":9269,"date":"2020-07-21T12:27:17","date_gmt":"2020-07-21T10:27:17","guid":{"rendered":"https:\/\/trail-aneto.com\/?p=9269"},"modified":"2020-07-21T20:30:11","modified_gmt":"2020-07-21T18:30:11","slug":"el-espiritu-del-gttap-sigue-vivo","status":"publish","type":"post","link":"https:\/\/trail-aneto.com\/fr\/el-espiritu-del-gttap-sigue-vivo\/","title":{"rendered":"L&#039;esprit du GTTAP perdure."},"content":{"rendered":"<p>Le week-end dernier, du 16 au 19 juillet, <strong>Grand sentier Trangoworld Aneto Posets 2020<\/strong> et l&#039;Avenida de los Tilos se serait habill\u00e9e pour accueillir la grande f\u00eate des courses de montagne. Des milliers de coureurs, familles et amis de toute la p\u00e9ninsule auraient appr\u00e9ci\u00e9 les courses et le <strong>Vall\u00e9e de Benasque<\/strong> dans quelques jours qui sont d\u00e9j\u00e0 magiques pour nous tous. Cette ann\u00e9e, le Coronavirus ne nous a pas permis de c\u00e9l\u00e9brer cette grande f\u00eate, mais <strong>son esprit, sa m\u00e9moire et l&#039;envie de le revivre ensemble<\/strong> Ils ont \u00e9t\u00e9 tr\u00e8s pr\u00e9sents tout au long du week-end.<\/p>\n\n\n\n<p>De nombreux coureurs et b\u00e9n\u00e9voles ont voulu profiter du GTTAP \u00e0 leur mani\u00e8re. Des dizaines de b\u00e9n\u00e9voles ont men\u00e9 seuls des activit\u00e9s dans les montagnes et ont s\u00e9journ\u00e9 au <strong>\u00c9cole de montagne de Benasque<\/strong> comme chaque ann\u00e9e, bien que cette fois \u00e0 capacit\u00e9 r\u00e9duite et avec les mesures sanitaires \u00e9tablies. Petits groupes et activit\u00e9s dispers\u00e9es, mais salutations et retrouvailles pour se souvenir d&#039;un week-end tr\u00e8s sp\u00e9cial.<\/p>\n\n\n\n<p>Nous avons \u00e9galement vu <strong>foule de coureurs<\/strong>, soit en descendant la montagne, soit en profitant de l&#039;environnement de Benasque. Un environnement marqu\u00e9 par cette nouvelle normalit\u00e9 du r\u00e9pit et de la jouissance du plein air et de la montagne, mais avec prudence et responsabilit\u00e9. Certains coureurs en ont profit\u00e9 pour faire les parcours des \u00e9preuves auxquelles ils s&#039;\u00e9taient inscrits et d&#039;autres ont d\u00e9cid\u00e9 de faire des distances plus courtes ou en ont profit\u00e9 pour d\u00e9couvrir de nouvelles variantes et circuits \u00e0 travers la vall\u00e9e de Benasque. Cette ann\u00e9e, les abris n&#039;\u00e9taient pas r\u00e9serv\u00e9s aux contr\u00f4les, ils ont donc accueilli une multitude d&#039;alpinistes qui ont choisi de profiter du week-end en hauteur.<\/p>\n\n\n\n<figure class=\"wp-block-image size-large\"><img loading=\"lazy\" decoding=\"async\" width=\"1024\" height=\"660\" src=\"https:\/\/trail-aneto.com\/wp-content\/uploads\/2020\/07\/GTAP-2019-JAVIER-BARAHONA-2945-1024x660.jpg\" alt=\"\" class=\"wp-image-9273\" srcset=\"https:\/\/trail-aneto.com\/wp-content\/uploads\/2020\/07\/GTAP-2019-JAVIER-BARAHONA-2945-1024x660.jpg 1024w, https:\/\/trail-aneto.com\/wp-content\/uploads\/2020\/07\/GTAP-2019-JAVIER-BARAHONA-2945-300x193.jpg 300w, https:\/\/trail-aneto.com\/wp-content\/uploads\/2020\/07\/GTAP-2019-JAVIER-BARAHONA-2945-768x495.jpg 768w, https:\/\/trail-aneto.com\/wp-content\/uploads\/2020\/07\/GTAP-2019-JAVIER-BARAHONA-2945-1536x990.jpg 1536w\" sizes=\"auto, (max-width: 1024px) 100vw, 1024px\" \/><\/figure>\n\n\n\n<p>De nombreuses initiatives ont vu le jour \u00e0 la suite de la pand\u00e9mie <strong>promouvoir les courses de montagne et leurs parcours <\/strong>devant l&#039;impossibilit\u00e9 d&#039;organiser des tests comp\u00e9titifs massifs. Nous souhaitons en souligner deux (dont nous faisons partie) et encourager les coureurs \u00e0 participer:<\/p>\n\n\n\n<p>D&#039;une part, le &nbsp;<strong><a href=\"https:\/\/openhuescarunning.es\/\">Open Huesca La magie de la course<\/a><\/strong> C&#039;est une initiative qui met \u00e0 la disposition des coureurs toutes les ressources n\u00e9cessaires pour mener \u00e0 bien leur propre course et entrer dans un classement via Strava. Plus d&#039;informations <a href=\"https:\/\/trail-aneto.com\/fr\/open-huesca-la-magia-del-running\/\"><strong>ici<\/strong><\/a>. L&#039;Open encourage les courses de montagne dans la province de Huesca et est compos\u00e9 de certains des \u00e9v\u00e9nements les plus importants de la province.<\/p>\n\n\n\n<p>D&#039;autre part, le <strong>F\u00e9d\u00e9ration de montagne aragonaise<\/strong> a cr\u00e9\u00e9 le <strong><a href=\"http:\/\/cxm-aragon.com\/\">D\u00e9fi du sentier de montagne d&#039;Aragon<\/a><\/strong>, dont le <strong>Marathon des Tucas<\/strong>. Les coureurs peuvent r\u00e9aliser les tests approuv\u00e9s par la FAM, collaborer avec les clubs organisateurs et participer \u00e0 des tirages au sort du mat\u00e9riel.<\/p>\n\n\n\n<p>Pour finir, nous voulons <strong>merci \u00e0 la grande famille qui compose le Great Trail Trangoworld Aneto Posets<\/strong> (coureurs, b\u00e9n\u00e9voles, famille, institutions, sponsors et collaborateurs) le soutien que nous avons re\u00e7u tout au long de ces mois. Nous continuerons \u00e0 travailler pour garder l&#039;esprit de la course vivant et nous adapter aux circonstances qui pourraient survenir \u00e0 l&#039;avenir. Nous profiterons \u00e0 nouveau d&#039;un voyage infini ensemble dans la vall\u00e9e de Benasque.<\/p>\n\n\n\n<p>Un c\u00e2lin,<br>Organisation du Grand Sentier Trangoworld Aneto-Posets<\/p>","protected":false},"excerpt":{"rendered":"<p>El pasado fin de semana, entre los d\u00edas 16 y 19 de julio, se hubiera celebrado el Gran Trail Trangoworld Aneto Posets 2020 y la Avenida de los Tilos se habr\u00eda vestido de gala para acoger la gran fiesta de las carreras por monta\u00f1a. Miles&#8230;<\/p>","protected":false},"author":3,"featured_media":9272,"comment_status":"closed","ping_status":"closed","sticky":false,"template":"","format":"standard","meta":{"footnotes":""},"categories":[20,255],"tags":[309,325,258],"class_list":["post-9269","post","type-post","status-publish","format-standard","has-post-thumbnail","hentry","category-news","category-noticias","tag-grantrailanetoposets","tag-gttap","tag-gttap20"],"yoast_head":"<!-- This site is optimized with the Yoast SEO plugin v27.4 - https:\/\/yoast.com\/product\/yoast-seo-wordpress\/ -->\n<title>El esp\u00edritu del GTTAP sigue vivo. - GTTAP<\/title>\n<meta name=\"robots\" content=\"index, follow, max-snippet:-1, max-image-preview:large, max-video-preview:-1\" \/>\n<link rel=\"canonical\" href=\"https:\/\/trail-aneto.com\/fr\/el-espiritu-del-gttap-sigue-vivo\/\" \/>\n<meta property=\"og:locale\" content=\"fr_FR\" \/>\n<meta property=\"og:type\" content=\"article\" \/>\n<meta property=\"og:title\" content=\"El esp\u00edritu del GTTAP sigue vivo. - GTTAP\" \/>\n<meta property=\"og:description\" content=\"El pasado fin de semana, entre los d\u00edas 16 y 19 de julio, se hubiera celebrado el Gran Trail Trangoworld Aneto Posets 2020 y la Avenida de los Tilos se habr\u00eda vestido de gala para acoger la gran fiesta de las carreras por monta\u00f1a. Miles...\" \/>\n<meta property=\"og:url\" content=\"https:\/\/trail-aneto.com\/fr\/el-espiritu-del-gttap-sigue-vivo\/\" \/>\n<meta property=\"og:site_name\" content=\"GTTAP\" \/>\n<meta property=\"article:publisher\" content=\"https:\/\/www.facebook.com\/GranTrailAnetoPosets\/\" \/>\n<meta property=\"article:published_time\" content=\"2020-07-21T10:27:17+00:00\" \/>\n<meta property=\"article:modified_time\" content=\"2020-07-21T18:30:11+00:00\" \/>\n<meta property=\"og:image\" content=\"https:\/\/trail-aneto.com\/wp-content\/uploads\/2020\/07\/GTAP-2019-JAVIER-BARAHONA-3260.jpg\" \/>\n\t<meta property=\"og:image:width\" content=\"2000\" \/>\n\t<meta property=\"og:image:height\" content=\"1253\" \/>\n\t<meta property=\"og:image:type\" content=\"image\/jpeg\" \/>\n<meta name=\"author\" content=\"Sara Guerin Bonet\" \/>\n<meta name=\"twitter:card\" content=\"summary_large_image\" \/>\n<meta name=\"twitter:label1\" content=\"\u00c9crit par\" \/>\n\t<meta name=\"twitter:data1\" content=\"Sara Guerin Bonet\" \/>\n\t<meta name=\"twitter:label2\" content=\"Dur\u00e9e de lecture estim\u00e9e\" \/>\n\t<meta name=\"twitter:data2\" content=\"3 minutes\" \/>\n<script type=\"application\/ld+json\" class=\"yoast-schema-graph\">{\"@context\":\"https:\\\/\\\/schema.org\",\"@graph\":[{\"@type\":\"Article\",\"@id\":\"https:\\\/\\\/trail-aneto.com\\\/fr\\\/el-espiritu-del-gttap-sigue-vivo\\\/#article\",\"isPartOf\":{\"@id\":\"https:\\\/\\\/trail-aneto.com\\\/fr\\\/el-espiritu-del-gttap-sigue-vivo\\\/\"},\"author\":{\"name\":\"Sara Guerin Bonet\",\"@id\":\"https:\\\/\\\/trail-aneto.com\\\/#\\\/schema\\\/person\\\/e843a80cb50850cecefd7ed1e7c40092\"},\"headline\":\"El esp\u00edritu del GTTAP sigue vivo.\",\"datePublished\":\"2020-07-21T10:27:17+00:00\",\"dateModified\":\"2020-07-21T18:30:11+00:00\",\"mainEntityOfPage\":{\"@id\":\"https:\\\/\\\/trail-aneto.com\\\/fr\\\/el-espiritu-del-gttap-sigue-vivo\\\/\"},\"wordCount\":561,\"publisher\":{\"@id\":\"https:\\\/\\\/trail-aneto.com\\\/#organization\"},\"image\":{\"@id\":\"https:\\\/\\\/trail-aneto.com\\\/fr\\\/el-espiritu-del-gttap-sigue-vivo\\\/#primaryimage\"},\"thumbnailUrl\":\"https:\\\/\\\/trail-aneto.com\\\/wp-content\\\/uploads\\\/2020\\\/07\\\/GTAP-2019-JAVIER-BARAHONA-3260.jpg\",\"keywords\":[\"grantrailanetoposets\",\"gttap\",\"gttap20\"],\"articleSection\":[\"News\",\"noticias\"],\"inLanguage\":\"fr-FR\"},{\"@type\":\"WebPage\",\"@id\":\"https:\\\/\\\/trail-aneto.com\\\/fr\\\/el-espiritu-del-gttap-sigue-vivo\\\/\",\"url\":\"https:\\\/\\\/trail-aneto.com\\\/fr\\\/el-espiritu-del-gttap-sigue-vivo\\\/\",\"name\":\"El esp\u00edritu del GTTAP sigue vivo. - GTTAP\",\"isPartOf\":{\"@id\":\"https:\\\/\\\/trail-aneto.com\\\/#website\"},\"primaryImageOfPage\":{\"@id\":\"https:\\\/\\\/trail-aneto.com\\\/fr\\\/el-espiritu-del-gttap-sigue-vivo\\\/#primaryimage\"},\"image\":{\"@id\":\"https:\\\/\\\/trail-aneto.com\\\/fr\\\/el-espiritu-del-gttap-sigue-vivo\\\/#primaryimage\"},\"thumbnailUrl\":\"https:\\\/\\\/trail-aneto.com\\\/wp-content\\\/uploads\\\/2020\\\/07\\\/GTAP-2019-JAVIER-BARAHONA-3260.jpg\",\"datePublished\":\"2020-07-21T10:27:17+00:00\",\"dateModified\":\"2020-07-21T18:30:11+00:00\",\"breadcrumb\":{\"@id\":\"https:\\\/\\\/trail-aneto.com\\\/fr\\\/el-espiritu-del-gttap-sigue-vivo\\\/#breadcrumb\"},\"inLanguage\":\"fr-FR\",\"potentialAction\":[{\"@type\":\"ReadAction\",\"target\":[\"https:\\\/\\\/trail-aneto.com\\\/fr\\\/el-espiritu-del-gttap-sigue-vivo\\\/\"]}]},{\"@type\":\"ImageObject\",\"inLanguage\":\"fr-FR\",\"@id\":\"https:\\\/\\\/trail-aneto.com\\\/fr\\\/el-espiritu-del-gttap-sigue-vivo\\\/#primaryimage\",\"url\":\"https:\\\/\\\/trail-aneto.com\\\/wp-content\\\/uploads\\\/2020\\\/07\\\/GTAP-2019-JAVIER-BARAHONA-3260.jpg\",\"contentUrl\":\"https:\\\/\\\/trail-aneto.com\\\/wp-content\\\/uploads\\\/2020\\\/07\\\/GTAP-2019-JAVIER-BARAHONA-3260.jpg\",\"width\":2000,\"height\":1253,\"caption\":\"prueba trail monta\u00f1a gran trail aneto posets 2019\"},{\"@type\":\"BreadcrumbList\",\"@id\":\"https:\\\/\\\/trail-aneto.com\\\/fr\\\/el-espiritu-del-gttap-sigue-vivo\\\/#breadcrumb\",\"itemListElement\":[{\"@type\":\"ListItem\",\"position\":1,\"name\":\"Portada\",\"item\":\"https:\\\/\\\/trail-aneto.com\\\/\"},{\"@type\":\"ListItem\",\"position\":2,\"name\":\"El esp\u00edritu del GTTAP sigue vivo.\"}]},{\"@type\":\"WebSite\",\"@id\":\"https:\\\/\\\/trail-aneto.com\\\/#website\",\"url\":\"https:\\\/\\\/trail-aneto.com\\\/\",\"name\":\"GTTAP\",\"description\":\"Un Pirineo Extremo - Un Recorrido Infinito\",\"publisher\":{\"@id\":\"https:\\\/\\\/trail-aneto.com\\\/#organization\"},\"potentialAction\":[{\"@type\":\"SearchAction\",\"target\":{\"@type\":\"EntryPoint\",\"urlTemplate\":\"https:\\\/\\\/trail-aneto.com\\\/?s={search_term_string}\"},\"query-input\":{\"@type\":\"PropertyValueSpecification\",\"valueRequired\":true,\"valueName\":\"search_term_string\"}}],\"inLanguage\":\"fr-FR\"},{\"@type\":\"Organization\",\"@id\":\"https:\\\/\\\/trail-aneto.com\\\/#organization\",\"name\":\"Gran Trail Trangoworld Aneto-Posets\",\"url\":\"https:\\\/\\\/trail-aneto.com\\\/\",\"logo\":{\"@type\":\"ImageObject\",\"inLanguage\":\"fr-FR\",\"@id\":\"https:\\\/\\\/trail-aneto.com\\\/#\\\/schema\\\/logo\\\/image\\\/\",\"url\":\"https:\\\/\\\/trail-aneto.com\\\/wp-content\\\/uploads\\\/2020\\\/01\\\/GTTAP-logo.png\",\"contentUrl\":\"https:\\\/\\\/trail-aneto.com\\\/wp-content\\\/uploads\\\/2020\\\/01\\\/GTTAP-logo.png\",\"width\":253,\"height\":253,\"caption\":\"Gran Trail Trangoworld Aneto-Posets\"},\"image\":{\"@id\":\"https:\\\/\\\/trail-aneto.com\\\/#\\\/schema\\\/logo\\\/image\\\/\"},\"sameAs\":[\"https:\\\/\\\/www.facebook.com\\\/GranTrailAnetoPosets\\\/\",\"https:\\\/\\\/www.instagram.com\\\/grantrailaneto\\\/?hl=es\"]},{\"@type\":\"Person\",\"@id\":\"https:\\\/\\\/trail-aneto.com\\\/#\\\/schema\\\/person\\\/e843a80cb50850cecefd7ed1e7c40092\",\"name\":\"Sara Guerin Bonet\",\"image\":{\"@type\":\"ImageObject\",\"inLanguage\":\"fr-FR\",\"@id\":\"https:\\\/\\\/secure.gravatar.com\\\/avatar\\\/61b1dbaf84033919a30173239041a2f152b9c4e88d12c67072714a0f3501b6fd?s=96&d=mm&r=g\",\"url\":\"https:\\\/\\\/secure.gravatar.com\\\/avatar\\\/61b1dbaf84033919a30173239041a2f152b9c4e88d12c67072714a0f3501b6fd?s=96&d=mm&r=g\",\"contentUrl\":\"https:\\\/\\\/secure.gravatar.com\\\/avatar\\\/61b1dbaf84033919a30173239041a2f152b9c4e88d12c67072714a0f3501b6fd?s=96&d=mm&r=g\",\"caption\":\"Sara Guerin Bonet\"},\"sameAs\":[\"http:\\\/\\\/trail-aneto.com\"],\"url\":\"https:\\\/\\\/trail-aneto.com\\\/fr\\\/author\\\/saragttap\\\/\"}]}<\/script>\n<!-- \/ Yoast SEO plugin. -->","yoast_head_json":{"title":"El esp\u00edritu del GTTAP sigue vivo. - GTTAP","robots":{"index":"index","follow":"follow","max-snippet":"max-snippet:-1","max-image-preview":"max-image-preview:large","max-video-preview":"max-video-preview:-1"},"canonical":"https:\/\/trail-aneto.com\/fr\/el-espiritu-del-gttap-sigue-vivo\/","og_locale":"fr_FR","og_type":"article","og_title":"El esp\u00edritu del GTTAP sigue vivo. - GTTAP","og_description":"El pasado fin de semana, entre los d\u00edas 16 y 19 de julio, se hubiera celebrado el Gran Trail Trangoworld Aneto Posets 2020 y la Avenida de los Tilos se habr\u00eda vestido de gala para acoger la gran fiesta de las carreras por monta\u00f1a. Miles...","og_url":"https:\/\/trail-aneto.com\/fr\/el-espiritu-del-gttap-sigue-vivo\/","og_site_name":"GTTAP","article_publisher":"https:\/\/www.facebook.com\/GranTrailAnetoPosets\/","article_published_time":"2020-07-21T10:27:17+00:00","article_modified_time":"2020-07-21T18:30:11+00:00","og_image":[{"width":2000,"height":1253,"url":"https:\/\/trail-aneto.com\/wp-content\/uploads\/2020\/07\/GTAP-2019-JAVIER-BARAHONA-3260.jpg","type":"image\/jpeg"}],"author":"Sara Guerin Bonet","twitter_card":"summary_large_image","twitter_misc":{"\u00c9crit par":"Sara Guerin Bonet","Dur\u00e9e de lecture estim\u00e9e":"3 minutes"},"schema":{"@context":"https:\/\/schema.org","@graph":[{"@type":"Article","@id":"https:\/\/trail-aneto.com\/fr\/el-espiritu-del-gttap-sigue-vivo\/#article","isPartOf":{"@id":"https:\/\/trail-aneto.com\/fr\/el-espiritu-del-gttap-sigue-vivo\/"},"author":{"name":"Sara Guerin Bonet","@id":"https:\/\/trail-aneto.com\/#\/schema\/person\/e843a80cb50850cecefd7ed1e7c40092"},"headline":"El esp\u00edritu del GTTAP sigue vivo.","datePublished":"2020-07-21T10:27:17+00:00","dateModified":"2020-07-21T18:30:11+00:00","mainEntityOfPage":{"@id":"https:\/\/trail-aneto.com\/fr\/el-espiritu-del-gttap-sigue-vivo\/"},"wordCount":561,"publisher":{"@id":"https:\/\/trail-aneto.com\/#organization"},"image":{"@id":"https:\/\/trail-aneto.com\/fr\/el-espiritu-del-gttap-sigue-vivo\/#primaryimage"},"thumbnailUrl":"https:\/\/trail-aneto.com\/wp-content\/uploads\/2020\/07\/GTAP-2019-JAVIER-BARAHONA-3260.jpg","keywords":["grantrailanetoposets","gttap","gttap20"],"articleSection":["News","noticias"],"inLanguage":"fr-FR"},{"@type":"WebPage","@id":"https:\/\/trail-aneto.com\/fr\/el-espiritu-del-gttap-sigue-vivo\/","url":"https:\/\/trail-aneto.com\/fr\/el-espiritu-del-gttap-sigue-vivo\/","name":"El esp\u00edritu del GTTAP sigue vivo. - GTTAP","isPartOf":{"@id":"https:\/\/trail-aneto.com\/#website"},"primaryImageOfPage":{"@id":"https:\/\/trail-aneto.com\/fr\/el-espiritu-del-gttap-sigue-vivo\/#primaryimage"},"image":{"@id":"https:\/\/trail-aneto.com\/fr\/el-espiritu-del-gttap-sigue-vivo\/#primaryimage"},"thumbnailUrl":"https:\/\/trail-aneto.com\/wp-content\/uploads\/2020\/07\/GTAP-2019-JAVIER-BARAHONA-3260.jpg","datePublished":"2020-07-21T10:27:17+00:00","dateModified":"2020-07-21T18:30:11+00:00","breadcrumb":{"@id":"https:\/\/trail-aneto.com\/fr\/el-espiritu-del-gttap-sigue-vivo\/#breadcrumb"},"inLanguage":"fr-FR","potentialAction":[{"@type":"ReadAction","target":["https:\/\/trail-aneto.com\/fr\/el-espiritu-del-gttap-sigue-vivo\/"]}]},{"@type":"ImageObject","inLanguage":"fr-FR","@id":"https:\/\/trail-aneto.com\/fr\/el-espiritu-del-gttap-sigue-vivo\/#primaryimage","url":"https:\/\/trail-aneto.com\/wp-content\/uploads\/2020\/07\/GTAP-2019-JAVIER-BARAHONA-3260.jpg","contentUrl":"https:\/\/trail-aneto.com\/wp-content\/uploads\/2020\/07\/GTAP-2019-JAVIER-BARAHONA-3260.jpg","width":2000,"height":1253,"caption":"prueba trail monta\u00f1a gran trail aneto posets 2019"},{"@type":"BreadcrumbList","@id":"https:\/\/trail-aneto.com\/fr\/el-espiritu-del-gttap-sigue-vivo\/#breadcrumb","itemListElement":[{"@type":"ListItem","position":1,"name":"Portada","item":"https:\/\/trail-aneto.com\/"},{"@type":"ListItem","position":2,"name":"El esp\u00edritu del GTTAP sigue vivo."}]},{"@type":"WebSite","@id":"https:\/\/trail-aneto.com\/#website","url":"https:\/\/trail-aneto.com\/","name":"GTTAP","description":"An Extreme Pyrenees - An Infinite Tour","publisher":{"@id":"https:\/\/trail-aneto.com\/#organization"},"potentialAction":[{"@type":"SearchAction","target":{"@type":"EntryPoint","urlTemplate":"https:\/\/trail-aneto.com\/?s={search_term_string}"},"query-input":{"@type":"PropertyValueSpecification","valueRequired":true,"valueName":"search_term_string"}}],"inLanguage":"fr-FR"},{"@type":"Organization","@id":"https:\/\/trail-aneto.com\/#organization","name":"Grand sentier Aneto-Posets de Trangoworld","url":"https:\/\/trail-aneto.com\/","logo":{"@type":"ImageObject","inLanguage":"fr-FR","@id":"https:\/\/trail-aneto.com\/#\/schema\/logo\/image\/","url":"https:\/\/trail-aneto.com\/wp-content\/uploads\/2020\/01\/GTTAP-logo.png","contentUrl":"https:\/\/trail-aneto.com\/wp-content\/uploads\/2020\/01\/GTTAP-logo.png","width":253,"height":253,"caption":"Gran Trail Trangoworld Aneto-Posets"},"image":{"@id":"https:\/\/trail-aneto.com\/#\/schema\/logo\/image\/"},"sameAs":["https:\/\/www.facebook.com\/GranTrailAnetoPosets\/","https:\/\/www.instagram.com\/grantrailaneto\/?hl=es"]},{"@type":"Person","@id":"https:\/\/trail-aneto.com\/#\/schema\/person\/e843a80cb50850cecefd7ed1e7c40092","name":"Sara Guerin Bonet","image":{"@type":"ImageObject","inLanguage":"fr-FR","@id":"https:\/\/secure.gravatar.com\/avatar\/61b1dbaf84033919a30173239041a2f152b9c4e88d12c67072714a0f3501b6fd?s=96&d=mm&r=g","url":"https:\/\/secure.gravatar.com\/avatar\/61b1dbaf84033919a30173239041a2f152b9c4e88d12c67072714a0f3501b6fd?s=96&d=mm&r=g","contentUrl":"https:\/\/secure.gravatar.com\/avatar\/61b1dbaf84033919a30173239041a2f152b9c4e88d12c67072714a0f3501b6fd?s=96&d=mm&r=g","caption":"Sara Guerin Bonet"},"sameAs":["http:\/\/trail-aneto.com"],"url":"https:\/\/trail-aneto.com\/fr\/author\/saragttap\/"}]}},"_links":{"self":[{"href":"https:\/\/trail-aneto.com\/fr\/wp-json\/wp\/v2\/posts\/9269","targetHints":{"allow":["GET"]}}],"collection":[{"href":"https:\/\/trail-aneto.com\/fr\/wp-json\/wp\/v2\/posts"}],"about":[{"href":"https:\/\/trail-aneto.com\/fr\/wp-json\/wp\/v2\/types\/post"}],"author":[{"embeddable":true,"href":"https:\/\/trail-aneto.com\/fr\/wp-json\/wp\/v2\/users\/3"}],"replies":[{"embeddable":true,"href":"https:\/\/trail-aneto.com\/fr\/wp-json\/wp\/v2\/comments?post=9269"}],"version-history":[{"count":6,"href":"https:\/\/trail-aneto.com\/fr\/wp-json\/wp\/v2\/posts\/9269\/revisions"}],"predecessor-version":[{"id":9280,"href":"https:\/\/trail-aneto.com\/fr\/wp-json\/wp\/v2\/posts\/9269\/revisions\/9280"}],"wp:featuredmedia":[{"embeddable":true,"href":"https:\/\/trail-aneto.com\/fr\/wp-json\/wp\/v2\/media\/9272"}],"wp:attachment":[{"href":"https:\/\/trail-aneto.com\/fr\/wp-json\/wp\/v2\/media?parent=9269"}],"wp:term":[{"taxonomy":"category","embeddable":true,"href":"https:\/\/trail-aneto.com\/fr\/wp-json\/wp\/v2\/categories?post=9269"},{"taxonomy":"post_tag","embeddable":true,"href":"https:\/\/trail-aneto.com\/fr\/wp-json\/wp\/v2\/tags?post=9269"}],"curies":[{"name":"wp","href":"https:\/\/api.w.org\/{rel}","templated":true}]}}