{"id":9283,"date":"2020-09-02T10:28:23","date_gmt":"2020-09-02T08:28:23","guid":{"rendered":"https:\/\/trail-aneto.com\/?p=9283"},"modified":"2020-09-02T17:42:46","modified_gmt":"2020-09-02T15:42:46","slug":"los-origenes-del-gran-trail-aneto-posets","status":"publish","type":"post","link":"https:\/\/trail-aneto.com\/fr\/los-origenes-del-gran-trail-aneto-posets\/","title":{"rendered":"Les origines du Grand Sentier Aneto-Posets"},"content":{"rendered":"<hr class=\"wp-block-separator is-style-dots\"\/>\n\n\n\n<h3 class=\"has-very-dark-gray-color has-text-color wp-block-heading\">Le Nike Aneto X-Treme Marathon, une course \u00e9pique.<\/h3>\n\n\n\n<p>Tout a commenc\u00e9 avec le <strong>Nike Aneto X-Treme Marathon<\/strong> \u00e0 la fin des ann\u00e9es 90. Trois \u00e9ditions ont eu lieu, de 1997 \u00e0 1999, et aujourd&#039;hui, la course \u00e9pique est consid\u00e9r\u00e9e comme un tournant dans cette discipline en Espagne. Le test a \u00e9t\u00e9 r\u00e9alis\u00e9 la troisi\u00e8me semaine de juin et l&#039;itin\u00e9raire consistait \u00e0 partir de Benasque (du magasin Barrab\u00e9s Ski y Monta\u00f1a), <strong>atteindre le sommet d&#039;Aneto et redescendre vers la ville<\/strong>. Ni plus ni moins. La distance \u00e9tait de 42 km et 4 546 m\u00e8tres de d\u00e9nivel\u00e9 cumul\u00e9.<\/p>\n\n\n\n<figure class=\"wp-block-embed-youtube aligncenter wp-block-embed is-type-video is-provider-youtube wp-embed-aspect-4-3 wp-has-aspect-ratio\"><div class=\"wp-block-embed__wrapper\">\n<iframe loading=\"lazy\" title=\"MARATHON ANETO X TREME 1998\" width=\"1060\" height=\"795\" src=\"https:\/\/www.youtube.com\/embed\/hXqNWZP2yY0?feature=oembed\" frameborder=\"0\" allow=\"accelerometer; autoplay; encrypted-media; gyroscope; picture-in-picture\" allowfullscreen><\/iframe>\n<\/div><\/figure>\n\n\n\n<p>Dans le test de 1998, <strong>Kiko Soler<\/strong> il bat le record de Benasque contre Aneto (aller-retour) en 3h52min. La gagnante \u00e9tait la mythique Emma Roca, et c&#039;\u00e9tait la seule \u00e9dition dans laquelle elle a grimp\u00e9 jusqu&#039;\u00e0 la croix m\u00eame, en traversant le col de Muhammad.<\/p>\n\n\n\n<div class=\"wp-block-cover has-very-light-gray-background-color has-background-dim\"><div class=\"wp-block-cover__inner-container is-layout-flow wp-block-cover-is-layout-flow\">\n<p><\/p>\n<p><!--EndFragment--><strong style=\"color: #333333; font-size: inherit; font-style: inherit; letter-spacing: inherit;\">Records actuels:<\/strong><\/p>\n\n\n\n<\/span><\/p>\n<p><span style=\"color: #333333;\">Jusqu&#039;\u00e0 ce m\u00eame 24 ao\u00fbt 2020, le record d&#039;ascension et de descente vers l&#039;Aneto depuis Benasque n&#039;avait pas \u00e9t\u00e9 d\u00e9pass\u00e9. C&#039;\u00e9tait le Cantabrique <strong>Borja Fernandez<\/strong>, du Team Scott, qui a arr\u00eat\u00e9 le chronom\u00e8tre en 3h: 43min, grimpant au sommet d&#039;Aneto en 2h18min. En 2017, <strong>Marc Pinsach<\/strong> il avait d\u00e9j\u00e0 tent\u00e9 de battre le record de Kiko Soler. Il l&#039;a surpass\u00e9 \u00e0 la mont\u00e9e (2h20min), mais il n&#039;a pas r\u00e9ussi le record de mont\u00e9e-descente. Le documentaire <span style=\"color: #0000ff;\">&quot;<a style=\"color: #0000ff;\" href=\"https:\/\/vimeo.com\/ondemand\/aneto\"><span style=\"color: #000080;\"><span style=\"color: #0000ff;\">Aneto, l&#039;histoire d&#039;un temps<\/span><\/span><\/a><\/span>\u00abN\u00e9e de la tentative de record de Marc, d\u00e9peint l&#039;\u00e9volution de la course de montagne et r\u00e9fl\u00e9chit \u00e9galement au changement climatique. La descente de <strong>Kiko Soler<\/strong>Il y a plus de 20 ans, il a travers\u00e9 des terres o\u00f9 la neige a aujourd&#039;hui disparu.<\/span><\/p>\n<p><span style=\"color: #333333;\">\n\n\n\n<\/span><\/p>\n<p><span style=\"color: #333333;\">_ Temps record Benasque-Aneto (aller-retour) en 2020:<\/span><\/p>\n<p><span style=\"color: #333333;\">_ Borja Fern\u00e1ndez: 3h43 &#039;<\/span><\/p>\n<p><span style=\"color: #333333;\">_ Kiko Soler: 3h52 &#039;<\/span><span style=\"color: #333333;\">Marc Pinsach: 3h55 &#039;<\/span><\/p>\n<\/div><\/div>\n\n\n\n<p><\/p>\n\n\n\n<hr class=\"wp-block-separator is-style-dots\"\/>\n\n\n\n<p><\/p>\n\n\n\n<h3 class=\"wp-block-heading\">La r\u00e9surgence du sentier Aneto et sa consolidation avec No Limit (2008-2012):<\/h3>\n\n\n<p><!--EndFragment--><\/p>\n<p><span style=\"font-weight: 400;\"><strong>En 2008<\/strong> cristallis\u00e9 l&#039;initiative d&#039;organiser <strong>le premier Ultra Trail d&#039;Aneto de Nil Bohigas (No Limit)<\/strong>, l&#039;association touristique de la vall\u00e9e de Benasque et Trangoworld, avec la collaboration de Cerler, du parc naturel de Posets-Maladeta, de la mairie de Benasque et de Barrab\u00e9s.<\/span><\/p>\n<p><a href=\"https:\/\/trail-aneto.com\/wp-content\/uploads\/2020\/09\/aneto-barrabes-2008-no-limit.jpg\"><img loading=\"lazy\" decoding=\"async\" class=\"aligncenter wp-image-9289 size-full\" src=\"https:\/\/trail-aneto.com\/wp-content\/uploads\/2020\/09\/aneto-barrabes-2008-no-limit.jpg\" alt=\"\" width=\"600\" height=\"430\" srcset=\"https:\/\/trail-aneto.com\/wp-content\/uploads\/2020\/09\/aneto-barrabes-2008-no-limit.jpg 600w, https:\/\/trail-aneto.com\/wp-content\/uploads\/2020\/09\/aneto-barrabes-2008-no-limit-300x215.jpg 300w\" sizes=\"auto, (max-width: 600px) 100vw, 600px\" \/><\/a><\/p>\n<p><span style=\"font-weight: 400;\">Le premier Ultra Trail de l&#039;Aneto faisait 62 km et 4600 m + en autosuffisance avec un parcours qui se d\u00e9roulait dans un 50% au-dessus de 2000 m. <\/span><span style=\"font-weight: 400;\">C&#039;\u00e9tait une \u00e9dition sauvage, authentique, et avec un grand impact sur le respect de l&#039;environnement, car elle \u00e9tait organis\u00e9e en totale autosuffisance et les itin\u00e9raires n&#039;\u00e9taient pas balis\u00e9s. Les participants ont transport\u00e9 leurs fournitures et leurs d\u00e9chets, ont obtenu leur eau des rivi\u00e8res et ont suivi les marques GR.<\/span><\/p>\n<p><span style=\"font-weight: 400;\"><strong>\u00c0 partir de 2010<\/strong> l&#039;autosuffisance a \u00e9t\u00e9 maintenue et de nouvelles routes ont \u00e9t\u00e9 introduites:<\/span><\/p>\n<ul>\n<li style=\"font-weight: 400;\"><span style=\"font-weight: 400;\">Marathon d&#039;Aneto (42k et 1 950m +): Mont\u00e9e et descente vers Puerto de la Picada, un parcours peu technique et en m\u00eame temps tr\u00e8s panoramique.<\/span><\/li>\n<li style=\"font-weight: 400;\"><span style=\"font-weight: 400;\">Les 2 faces de l&#039;Aneto (69k et 3870m +): Une route en \u00abY\u00bb qui montait au Collado de Ballibierna (2 728 m\u00e8tres) et Puerto de la Picada (2 477 m\u00e8tres).<\/span><\/li>\n<li style=\"font-weight: 400;\"><span style=\"font-weight: 400;\">Tour d&#039;Aneto (100 km et 5 950 m +): Le grand sentier qui faisait le tour de l&#039;Aneto en passant par sept vall\u00e9es et Vielha.<\/span><\/li>\n<\/ul>\n\n\n<p><\/p>\n\n\n\n<hr class=\"wp-block-separator is-style-dots\"\/>\n\n\n\n<p><\/p>\n\n\n\n<h3 class=\"wp-block-heading\">The Great Feast of Mountain Racing: The Great Trangoworld Aneto-Posets Trail (2013-pr\u00e9sent)<\/h3>\n\n\n\n<p>Apr\u00e8s les 6 \u00e9ditions organis\u00e9es par la soci\u00e9t\u00e9 No Limit, l&#039;Association du tourisme et des entreprises de la vall\u00e9e de Benasque a confi\u00e9 l&#039;organisation du sentier Aneto \u00e0 <strong>PRAMS<\/strong> (Montagnes aragonaises, projets et r\u00e9alisations d&#039;escalade et de randonn\u00e9e) renomm\u00e9 Gran Trail Aneto-Posets. Le parrainage principal s&#039;est poursuivi entre les mains de la marque de montagne aragonaise Trangoworld, qui donne son nom et son soutien \u00e0 l&#039;\u00e9v\u00e9nement depuis 12 ans.<\/p>\n\n\n\n<p>L&#039;organisation technique est issue d&#039;un <strong>perspective collaborative des clubs de montagne<\/strong>. La direction technique est pass\u00e9e au <strong>Club de montagne de Pe\u00f1a Guara<\/strong>, avec la collaboration de plus de dix clubs de montagne aragonais. L&#039;esprit populaire de la course serait maintenu, qui s&#039;\u00e9tait d\u00e9j\u00e0 consolid\u00e9 les ann\u00e9es pr\u00e9c\u00e9dentes avec l&#039;introduction de courses pour tous les publics.<\/p>\n\n\n\n<p>Cependant, tous les itin\u00e9raires ont \u00e9t\u00e9 revus et modifi\u00e9s, proposant une boucle qui traversait les deux grands massifs des Pyr\u00e9n\u00e9es: l&#039;Aneto et les Posets. \u00c0 ses d\u00e9buts, les distances seraient le Grand Sentier Aneto-Posets, la Vuelta al Aneto, le Marathon de las Tucas et la Vuelta al Pico Cerler. Les deux pr\u00e9misses principales pour la conception des nouveaux itin\u00e9raires seraient qu&#039;il s&#039;agisse d&#039;itin\u00e9raires circulaires et montagneux, \u00e9vitant les pistes et les r\u00e9p\u00e9titions et profitant des grands et petits itin\u00e9raires dans l&#039;environnement ...<\/p>\n\n\n\n<figure class=\"wp-block-image size-full is-style-default\"><a href=\"https:\/\/trail-aneto.com\/wp-content\/uploads\/2020\/09\/mapagrantrail-scaled-1.jpg\"><img loading=\"lazy\" decoding=\"async\" width=\"2560\" height=\"1176\" src=\"https:\/\/trail-aneto.com\/wp-content\/uploads\/2020\/09\/mapagrantrail-scaled-1.jpg\" alt=\"\" class=\"wp-image-9286\" srcset=\"https:\/\/trail-aneto.com\/wp-content\/uploads\/2020\/09\/mapagrantrail-scaled-1.jpg 2560w, https:\/\/trail-aneto.com\/wp-content\/uploads\/2020\/09\/mapagrantrail-scaled-1-300x138.jpg 300w, https:\/\/trail-aneto.com\/wp-content\/uploads\/2020\/09\/mapagrantrail-scaled-1-1024x470.jpg 1024w, https:\/\/trail-aneto.com\/wp-content\/uploads\/2020\/09\/mapagrantrail-scaled-1-768x353.jpg 768w, https:\/\/trail-aneto.com\/wp-content\/uploads\/2020\/09\/mapagrantrail-scaled-1-1536x706.jpg 1536w\" sizes=\"auto, (max-width: 2560px) 100vw, 2560px\" \/><\/a><figcaption>Visite du Gran Trail Aneto-Posets<\/figcaption><\/figure>\n\n\n\n<p>En revanche, l&#039;autosuffisance a \u00e9t\u00e9 exclue et des postes de ravitaillement, des points de contr\u00f4le et des toilettes ont \u00e9t\u00e9 install\u00e9s tout au long du parcours. Ceci est possible gr\u00e2ce \u00e0 deux piliers fondamentaux qui d\u00e9finissent l&#039;essence du Gran Trail Aneto-Posets: le <strong>travail b\u00e9n\u00e9vole de plus de 500 personnes<\/strong> et la collaboration de <strong>Refuges de montagne FAM<\/strong> (F\u00e9d\u00e9ration aragonaise de montagne).<\/p>\n\n\n\n<p>La premi\u00e8re \u00e9dition de cette nouvelle \u00e9tape du Gran Trail Aneto Posets en 2013 a \u00e9t\u00e9 tr\u00e8s compliqu\u00e9e et a mis toute l&#039;organisation \u00e0 l&#039;\u00e9preuve. L&#039;imm\u00e9diatet\u00e9 du changement d&#039;organisation a laiss\u00e9 une marge de seulement 3 mois pour tout pr\u00e9parer et il a \u00e9t\u00e9 publi\u00e9 avec une \u00e9norme temp\u00eate et des conditions m\u00e9t\u00e9orologiques qui ont fait de 2013 une \u00e9dition \u00e9pique. Depuis, 8 ans de succ\u00e8s se sont \u00e9coul\u00e9s et l&#039;\u00e9v\u00e9nement s&#039;est impos\u00e9 comme le grand festival des courses de montagne en Espagne, avec des milliers de participants, un nombre record et un \u00e9v\u00e9nement unique pour le <strong>Vall\u00e9e de Benasque<\/strong>. <\/p>\n\n\n\n<p>Malheureusement, c&#039;est le Coronavirus de ce 2020 qui a arr\u00eat\u00e9 le boom des courses de montagne que nous avons connu. Nous esp\u00e9rons continuer \u00e0 \u00e9crire les lignes de cette histoire passionnante de l&#039;Aneto et des courses de montagne pendant de nombreuses ann\u00e9es et continuer \u00e0 travailler sur la prochaine \u00e9dition.<\/p>\n\n\n\n<figure class=\"wp-block-image size-full\"><a href=\"https:\/\/trail-aneto.com\/wp-content\/uploads\/2020\/09\/GTAP-2019-JAVIER-BARAHONA-2008-2-scaled.jpg\"><img loading=\"lazy\" decoding=\"async\" width=\"2560\" height=\"1707\" src=\"https:\/\/trail-aneto.com\/wp-content\/uploads\/2020\/09\/GTAP-2019-JAVIER-BARAHONA-2008-2-scaled.jpg\" alt=\"\" class=\"wp-image-9287\" srcset=\"https:\/\/trail-aneto.com\/wp-content\/uploads\/2020\/09\/GTAP-2019-JAVIER-BARAHONA-2008-2-scaled.jpg 2560w, https:\/\/trail-aneto.com\/wp-content\/uploads\/2020\/09\/GTAP-2019-JAVIER-BARAHONA-2008-2-300x200.jpg 300w, https:\/\/trail-aneto.com\/wp-content\/uploads\/2020\/09\/GTAP-2019-JAVIER-BARAHONA-2008-2-1024x683.jpg 1024w, https:\/\/trail-aneto.com\/wp-content\/uploads\/2020\/09\/GTAP-2019-JAVIER-BARAHONA-2008-2-768x512.jpg 768w, https:\/\/trail-aneto.com\/wp-content\/uploads\/2020\/09\/GTAP-2019-JAVIER-BARAHONA-2008-2-1536x1024.jpg 1536w\" sizes=\"auto, (max-width: 2560px) 100vw, 2560px\" \/><\/a><figcaption>D\u00e9part du marathon de Las Tucas 2019<\/figcaption><\/figure>\n\n\n\n<p>Un c\u00e2lin \u00e0 tous ceux qui permettent, une ann\u00e9e de plus, que nous puissions profiter de ce merveilleux sport dans le massif des Posets-Maladeta avec l&#039;immense Aneto comme t\u00e9moin de nos d\u00e9fis. Un merci sp\u00e9cial \u00e0 nos principaux sponsors: <strong>Trangoworld, gouvernement d&#039;Aragon, conseil provincial de Huesca, conseil municipal de Benasque, Biofrutal et Spot<\/strong>.<\/p>","protected":false},"excerpt":{"rendered":"<p>La Nike Aneto X-Treme Marathon, una carrera \u00e9pica. Todo empez\u00f3 con la Nike Aneto X-Treme Marathon a finales de los a\u00f1os 90. Se llevaron a cabo tres ediciones, de 1997 a 1999, y hoy en d\u00eda, la \u00e9pica carrera se considera un punto de inflexi\u00f3n&#8230;<\/p>","protected":false},"author":3,"featured_media":9287,"comment_status":"open","ping_status":"closed","sticky":false,"template":"","format":"standard","meta":{"footnotes":""},"categories":[336,255],"tags":[329,309,325,335],"class_list":["post-9283","post","type-post","status-publish","format-standard","has-post-thumbnail","hentry","category-historia","category-noticias","tag-grantrailaneto","tag-grantrailanetoposets","tag-gttap","tag-historia"],"yoast_head":"<!-- This site is optimized with the Yoast SEO plugin v27.4 - https:\/\/yoast.com\/product\/yoast-seo-wordpress\/ -->\n<title>Los or\u00edgenes del Gran Trail Aneto-Posets - GTTAP<\/title>\n<meta name=\"robots\" content=\"index, follow, max-snippet:-1, max-image-preview:large, max-video-preview:-1\" \/>\n<link rel=\"canonical\" href=\"https:\/\/trail-aneto.com\/fr\/los-origenes-del-gran-trail-aneto-posets\/\" \/>\n<meta property=\"og:locale\" content=\"fr_FR\" \/>\n<meta property=\"og:type\" content=\"article\" \/>\n<meta property=\"og:title\" content=\"Los or\u00edgenes del Gran Trail Aneto-Posets - GTTAP\" \/>\n<meta property=\"og:description\" content=\"La Nike Aneto X-Treme Marathon, una carrera \u00e9pica. Todo empez\u00f3 con la Nike Aneto X-Treme Marathon a finales de los a\u00f1os 90. Se llevaron a cabo tres ediciones, de 1997 a 1999, y hoy en d\u00eda, la \u00e9pica carrera se considera un punto de inflexi\u00f3n...\" \/>\n<meta property=\"og:url\" content=\"https:\/\/trail-aneto.com\/fr\/los-origenes-del-gran-trail-aneto-posets\/\" \/>\n<meta property=\"og:site_name\" content=\"GTTAP\" \/>\n<meta property=\"article:publisher\" content=\"https:\/\/www.facebook.com\/GranTrailAnetoPosets\/\" \/>\n<meta property=\"article:published_time\" content=\"2020-09-02T08:28:23+00:00\" \/>\n<meta property=\"article:modified_time\" content=\"2020-09-02T15:42:46+00:00\" \/>\n<meta property=\"og:image\" content=\"https:\/\/trail-aneto.com\/wp-content\/uploads\/2020\/09\/GTAP-2019-JAVIER-BARAHONA-2008-2-scaled.jpg\" \/>\n\t<meta property=\"og:image:width\" content=\"2560\" \/>\n\t<meta property=\"og:image:height\" content=\"1707\" \/>\n\t<meta property=\"og:image:type\" content=\"image\/jpeg\" \/>\n<meta name=\"author\" content=\"Sara Guerin Bonet\" \/>\n<meta name=\"twitter:card\" content=\"summary_large_image\" \/>\n<meta name=\"twitter:label1\" content=\"\u00c9crit par\" \/>\n\t<meta name=\"twitter:data1\" content=\"Sara Guerin Bonet\" \/>\n\t<meta name=\"twitter:label2\" content=\"Dur\u00e9e de lecture estim\u00e9e\" \/>\n\t<meta name=\"twitter:data2\" content=\"6 minutes\" \/>\n<script type=\"application\/ld+json\" class=\"yoast-schema-graph\">{\"@context\":\"https:\\\/\\\/schema.org\",\"@graph\":[{\"@type\":\"Article\",\"@id\":\"https:\\\/\\\/trail-aneto.com\\\/en\\\/los-origenes-del-gran-trail-aneto-posets\\\/#article\",\"isPartOf\":{\"@id\":\"https:\\\/\\\/trail-aneto.com\\\/en\\\/los-origenes-del-gran-trail-aneto-posets\\\/\"},\"author\":{\"name\":\"Sara Guerin Bonet\",\"@id\":\"https:\\\/\\\/trail-aneto.com\\\/#\\\/schema\\\/person\\\/e843a80cb50850cecefd7ed1e7c40092\"},\"headline\":\"Los or\u00edgenes del Gran Trail Aneto-Posets\",\"datePublished\":\"2020-09-02T08:28:23+00:00\",\"dateModified\":\"2020-09-02T15:42:46+00:00\",\"mainEntityOfPage\":{\"@id\":\"https:\\\/\\\/trail-aneto.com\\\/en\\\/los-origenes-del-gran-trail-aneto-posets\\\/\"},\"wordCount\":1107,\"commentCount\":0,\"publisher\":{\"@id\":\"https:\\\/\\\/trail-aneto.com\\\/#organization\"},\"image\":{\"@id\":\"https:\\\/\\\/trail-aneto.com\\\/en\\\/los-origenes-del-gran-trail-aneto-posets\\\/#primaryimage\"},\"thumbnailUrl\":\"https:\\\/\\\/trail-aneto.com\\\/wp-content\\\/uploads\\\/2020\\\/09\\\/GTAP-2019-JAVIER-BARAHONA-2008-2-scaled.jpg\",\"keywords\":[\"grantrailaneto\",\"grantrailanetoposets\",\"gttap\",\"historia\"],\"articleSection\":[\"historia\",\"noticias\"],\"inLanguage\":\"fr-FR\",\"potentialAction\":[{\"@type\":\"CommentAction\",\"name\":\"Comment\",\"target\":[\"https:\\\/\\\/trail-aneto.com\\\/en\\\/los-origenes-del-gran-trail-aneto-posets\\\/#respond\"]}]},{\"@type\":\"WebPage\",\"@id\":\"https:\\\/\\\/trail-aneto.com\\\/en\\\/los-origenes-del-gran-trail-aneto-posets\\\/\",\"url\":\"https:\\\/\\\/trail-aneto.com\\\/en\\\/los-origenes-del-gran-trail-aneto-posets\\\/\",\"name\":\"Los or\u00edgenes del Gran Trail Aneto-Posets - GTTAP\",\"isPartOf\":{\"@id\":\"https:\\\/\\\/trail-aneto.com\\\/#website\"},\"primaryImageOfPage\":{\"@id\":\"https:\\\/\\\/trail-aneto.com\\\/en\\\/los-origenes-del-gran-trail-aneto-posets\\\/#primaryimage\"},\"image\":{\"@id\":\"https:\\\/\\\/trail-aneto.com\\\/en\\\/los-origenes-del-gran-trail-aneto-posets\\\/#primaryimage\"},\"thumbnailUrl\":\"https:\\\/\\\/trail-aneto.com\\\/wp-content\\\/uploads\\\/2020\\\/09\\\/GTAP-2019-JAVIER-BARAHONA-2008-2-scaled.jpg\",\"datePublished\":\"2020-09-02T08:28:23+00:00\",\"dateModified\":\"2020-09-02T15:42:46+00:00\",\"breadcrumb\":{\"@id\":\"https:\\\/\\\/trail-aneto.com\\\/en\\\/los-origenes-del-gran-trail-aneto-posets\\\/#breadcrumb\"},\"inLanguage\":\"fr-FR\",\"potentialAction\":[{\"@type\":\"ReadAction\",\"target\":[\"https:\\\/\\\/trail-aneto.com\\\/en\\\/los-origenes-del-gran-trail-aneto-posets\\\/\"]}]},{\"@type\":\"ImageObject\",\"inLanguage\":\"fr-FR\",\"@id\":\"https:\\\/\\\/trail-aneto.com\\\/en\\\/los-origenes-del-gran-trail-aneto-posets\\\/#primaryimage\",\"url\":\"https:\\\/\\\/trail-aneto.com\\\/wp-content\\\/uploads\\\/2020\\\/09\\\/GTAP-2019-JAVIER-BARAHONA-2008-2-scaled.jpg\",\"contentUrl\":\"https:\\\/\\\/trail-aneto.com\\\/wp-content\\\/uploads\\\/2020\\\/09\\\/GTAP-2019-JAVIER-BARAHONA-2008-2-scaled.jpg\",\"width\":2560,\"height\":1707,\"caption\":\"prueba trail monta\u00f1a gran trail aneto posets 2019\"},{\"@type\":\"BreadcrumbList\",\"@id\":\"https:\\\/\\\/trail-aneto.com\\\/en\\\/los-origenes-del-gran-trail-aneto-posets\\\/#breadcrumb\",\"itemListElement\":[{\"@type\":\"ListItem\",\"position\":1,\"name\":\"Portada\",\"item\":\"https:\\\/\\\/trail-aneto.com\\\/\"},{\"@type\":\"ListItem\",\"position\":2,\"name\":\"Los or\u00edgenes del Gran Trail Aneto-Posets\"}]},{\"@type\":\"WebSite\",\"@id\":\"https:\\\/\\\/trail-aneto.com\\\/#website\",\"url\":\"https:\\\/\\\/trail-aneto.com\\\/\",\"name\":\"GTTAP\",\"description\":\"Un Pirineo Extremo - Un Recorrido Infinito\",\"publisher\":{\"@id\":\"https:\\\/\\\/trail-aneto.com\\\/#organization\"},\"potentialAction\":[{\"@type\":\"SearchAction\",\"target\":{\"@type\":\"EntryPoint\",\"urlTemplate\":\"https:\\\/\\\/trail-aneto.com\\\/?s={search_term_string}\"},\"query-input\":{\"@type\":\"PropertyValueSpecification\",\"valueRequired\":true,\"valueName\":\"search_term_string\"}}],\"inLanguage\":\"fr-FR\"},{\"@type\":\"Organization\",\"@id\":\"https:\\\/\\\/trail-aneto.com\\\/#organization\",\"name\":\"Gran Trail Trangoworld Aneto-Posets\",\"url\":\"https:\\\/\\\/trail-aneto.com\\\/\",\"logo\":{\"@type\":\"ImageObject\",\"inLanguage\":\"fr-FR\",\"@id\":\"https:\\\/\\\/trail-aneto.com\\\/#\\\/schema\\\/logo\\\/image\\\/\",\"url\":\"https:\\\/\\\/trail-aneto.com\\\/wp-content\\\/uploads\\\/2020\\\/01\\\/GTTAP-logo.png\",\"contentUrl\":\"https:\\\/\\\/trail-aneto.com\\\/wp-content\\\/uploads\\\/2020\\\/01\\\/GTTAP-logo.png\",\"width\":253,\"height\":253,\"caption\":\"Gran Trail Trangoworld Aneto-Posets\"},\"image\":{\"@id\":\"https:\\\/\\\/trail-aneto.com\\\/#\\\/schema\\\/logo\\\/image\\\/\"},\"sameAs\":[\"https:\\\/\\\/www.facebook.com\\\/GranTrailAnetoPosets\\\/\",\"https:\\\/\\\/www.instagram.com\\\/grantrailaneto\\\/?hl=es\"]},{\"@type\":\"Person\",\"@id\":\"https:\\\/\\\/trail-aneto.com\\\/#\\\/schema\\\/person\\\/e843a80cb50850cecefd7ed1e7c40092\",\"name\":\"Sara Guerin Bonet\",\"image\":{\"@type\":\"ImageObject\",\"inLanguage\":\"fr-FR\",\"@id\":\"https:\\\/\\\/secure.gravatar.com\\\/avatar\\\/61b1dbaf84033919a30173239041a2f152b9c4e88d12c67072714a0f3501b6fd?s=96&d=mm&r=g\",\"url\":\"https:\\\/\\\/secure.gravatar.com\\\/avatar\\\/61b1dbaf84033919a30173239041a2f152b9c4e88d12c67072714a0f3501b6fd?s=96&d=mm&r=g\",\"contentUrl\":\"https:\\\/\\\/secure.gravatar.com\\\/avatar\\\/61b1dbaf84033919a30173239041a2f152b9c4e88d12c67072714a0f3501b6fd?s=96&d=mm&r=g\",\"caption\":\"Sara Guerin Bonet\"},\"sameAs\":[\"http:\\\/\\\/trail-aneto.com\"],\"url\":\"https:\\\/\\\/trail-aneto.com\\\/fr\\\/author\\\/saragttap\\\/\"}]}<\/script>\n<!-- \/ Yoast SEO plugin. -->","yoast_head_json":{"title":"Los or\u00edgenes del Gran Trail Aneto-Posets - GTTAP","robots":{"index":"index","follow":"follow","max-snippet":"max-snippet:-1","max-image-preview":"max-image-preview:large","max-video-preview":"max-video-preview:-1"},"canonical":"https:\/\/trail-aneto.com\/fr\/los-origenes-del-gran-trail-aneto-posets\/","og_locale":"fr_FR","og_type":"article","og_title":"Los or\u00edgenes del Gran Trail Aneto-Posets - GTTAP","og_description":"La Nike Aneto X-Treme Marathon, una carrera \u00e9pica. Todo empez\u00f3 con la Nike Aneto X-Treme Marathon a finales de los a\u00f1os 90. Se llevaron a cabo tres ediciones, de 1997 a 1999, y hoy en d\u00eda, la \u00e9pica carrera se considera un punto de inflexi\u00f3n...","og_url":"https:\/\/trail-aneto.com\/fr\/los-origenes-del-gran-trail-aneto-posets\/","og_site_name":"GTTAP","article_publisher":"https:\/\/www.facebook.com\/GranTrailAnetoPosets\/","article_published_time":"2020-09-02T08:28:23+00:00","article_modified_time":"2020-09-02T15:42:46+00:00","og_image":[{"width":2560,"height":1707,"url":"https:\/\/trail-aneto.com\/wp-content\/uploads\/2020\/09\/GTAP-2019-JAVIER-BARAHONA-2008-2-scaled.jpg","type":"image\/jpeg"}],"author":"Sara Guerin Bonet","twitter_card":"summary_large_image","twitter_misc":{"\u00c9crit par":"Sara Guerin Bonet","Dur\u00e9e de lecture estim\u00e9e":"6 minutes"},"schema":{"@context":"https:\/\/schema.org","@graph":[{"@type":"Article","@id":"https:\/\/trail-aneto.com\/en\/los-origenes-del-gran-trail-aneto-posets\/#article","isPartOf":{"@id":"https:\/\/trail-aneto.com\/en\/los-origenes-del-gran-trail-aneto-posets\/"},"author":{"name":"Sara Guerin Bonet","@id":"https:\/\/trail-aneto.com\/#\/schema\/person\/e843a80cb50850cecefd7ed1e7c40092"},"headline":"Los or\u00edgenes del Gran Trail Aneto-Posets","datePublished":"2020-09-02T08:28:23+00:00","dateModified":"2020-09-02T15:42:46+00:00","mainEntityOfPage":{"@id":"https:\/\/trail-aneto.com\/en\/los-origenes-del-gran-trail-aneto-posets\/"},"wordCount":1107,"commentCount":0,"publisher":{"@id":"https:\/\/trail-aneto.com\/#organization"},"image":{"@id":"https:\/\/trail-aneto.com\/en\/los-origenes-del-gran-trail-aneto-posets\/#primaryimage"},"thumbnailUrl":"https:\/\/trail-aneto.com\/wp-content\/uploads\/2020\/09\/GTAP-2019-JAVIER-BARAHONA-2008-2-scaled.jpg","keywords":["grantrailaneto","grantrailanetoposets","gttap","historia"],"articleSection":["historia","noticias"],"inLanguage":"fr-FR","potentialAction":[{"@type":"CommentAction","name":"Comment","target":["https:\/\/trail-aneto.com\/en\/los-origenes-del-gran-trail-aneto-posets\/#respond"]}]},{"@type":"WebPage","@id":"https:\/\/trail-aneto.com\/en\/los-origenes-del-gran-trail-aneto-posets\/","url":"https:\/\/trail-aneto.com\/en\/los-origenes-del-gran-trail-aneto-posets\/","name":"Los or\u00edgenes del Gran Trail Aneto-Posets - GTTAP","isPartOf":{"@id":"https:\/\/trail-aneto.com\/#website"},"primaryImageOfPage":{"@id":"https:\/\/trail-aneto.com\/en\/los-origenes-del-gran-trail-aneto-posets\/#primaryimage"},"image":{"@id":"https:\/\/trail-aneto.com\/en\/los-origenes-del-gran-trail-aneto-posets\/#primaryimage"},"thumbnailUrl":"https:\/\/trail-aneto.com\/wp-content\/uploads\/2020\/09\/GTAP-2019-JAVIER-BARAHONA-2008-2-scaled.jpg","datePublished":"2020-09-02T08:28:23+00:00","dateModified":"2020-09-02T15:42:46+00:00","breadcrumb":{"@id":"https:\/\/trail-aneto.com\/en\/los-origenes-del-gran-trail-aneto-posets\/#breadcrumb"},"inLanguage":"fr-FR","potentialAction":[{"@type":"ReadAction","target":["https:\/\/trail-aneto.com\/en\/los-origenes-del-gran-trail-aneto-posets\/"]}]},{"@type":"ImageObject","inLanguage":"fr-FR","@id":"https:\/\/trail-aneto.com\/en\/los-origenes-del-gran-trail-aneto-posets\/#primaryimage","url":"https:\/\/trail-aneto.com\/wp-content\/uploads\/2020\/09\/GTAP-2019-JAVIER-BARAHONA-2008-2-scaled.jpg","contentUrl":"https:\/\/trail-aneto.com\/wp-content\/uploads\/2020\/09\/GTAP-2019-JAVIER-BARAHONA-2008-2-scaled.jpg","width":2560,"height":1707,"caption":"prueba trail monta\u00f1a gran trail aneto posets 2019"},{"@type":"BreadcrumbList","@id":"https:\/\/trail-aneto.com\/en\/los-origenes-del-gran-trail-aneto-posets\/#breadcrumb","itemListElement":[{"@type":"ListItem","position":1,"name":"Portada","item":"https:\/\/trail-aneto.com\/"},{"@type":"ListItem","position":2,"name":"Los or\u00edgenes del Gran Trail Aneto-Posets"}]},{"@type":"WebSite","@id":"https:\/\/trail-aneto.com\/#website","url":"https:\/\/trail-aneto.com\/","name":"GTTAP","description":"An Extreme Pyrenees - An Infinite Tour","publisher":{"@id":"https:\/\/trail-aneto.com\/#organization"},"potentialAction":[{"@type":"SearchAction","target":{"@type":"EntryPoint","urlTemplate":"https:\/\/trail-aneto.com\/?s={search_term_string}"},"query-input":{"@type":"PropertyValueSpecification","valueRequired":true,"valueName":"search_term_string"}}],"inLanguage":"fr-FR"},{"@type":"Organization","@id":"https:\/\/trail-aneto.com\/#organization","name":"Grand sentier Aneto-Posets de Trangoworld","url":"https:\/\/trail-aneto.com\/","logo":{"@type":"ImageObject","inLanguage":"fr-FR","@id":"https:\/\/trail-aneto.com\/#\/schema\/logo\/image\/","url":"https:\/\/trail-aneto.com\/wp-content\/uploads\/2020\/01\/GTTAP-logo.png","contentUrl":"https:\/\/trail-aneto.com\/wp-content\/uploads\/2020\/01\/GTTAP-logo.png","width":253,"height":253,"caption":"Gran Trail Trangoworld Aneto-Posets"},"image":{"@id":"https:\/\/trail-aneto.com\/#\/schema\/logo\/image\/"},"sameAs":["https:\/\/www.facebook.com\/GranTrailAnetoPosets\/","https:\/\/www.instagram.com\/grantrailaneto\/?hl=es"]},{"@type":"Person","@id":"https:\/\/trail-aneto.com\/#\/schema\/person\/e843a80cb50850cecefd7ed1e7c40092","name":"Sara Guerin Bonet","image":{"@type":"ImageObject","inLanguage":"fr-FR","@id":"https:\/\/secure.gravatar.com\/avatar\/61b1dbaf84033919a30173239041a2f152b9c4e88d12c67072714a0f3501b6fd?s=96&d=mm&r=g","url":"https:\/\/secure.gravatar.com\/avatar\/61b1dbaf84033919a30173239041a2f152b9c4e88d12c67072714a0f3501b6fd?s=96&d=mm&r=g","contentUrl":"https:\/\/secure.gravatar.com\/avatar\/61b1dbaf84033919a30173239041a2f152b9c4e88d12c67072714a0f3501b6fd?s=96&d=mm&r=g","caption":"Sara Guerin Bonet"},"sameAs":["http:\/\/trail-aneto.com"],"url":"https:\/\/trail-aneto.com\/fr\/author\/saragttap\/"}]}},"_links":{"self":[{"href":"https:\/\/trail-aneto.com\/fr\/wp-json\/wp\/v2\/posts\/9283","targetHints":{"allow":["GET"]}}],"collection":[{"href":"https:\/\/trail-aneto.com\/fr\/wp-json\/wp\/v2\/posts"}],"about":[{"href":"https:\/\/trail-aneto.com\/fr\/wp-json\/wp\/v2\/types\/post"}],"author":[{"embeddable":true,"href":"https:\/\/trail-aneto.com\/fr\/wp-json\/wp\/v2\/users\/3"}],"replies":[{"embeddable":true,"href":"https:\/\/trail-aneto.com\/fr\/wp-json\/wp\/v2\/comments?post=9283"}],"version-history":[{"count":29,"href":"https:\/\/trail-aneto.com\/fr\/wp-json\/wp\/v2\/posts\/9283\/revisions"}],"predecessor-version":[{"id":9319,"href":"https:\/\/trail-aneto.com\/fr\/wp-json\/wp\/v2\/posts\/9283\/revisions\/9319"}],"wp:featuredmedia":[{"embeddable":true,"href":"https:\/\/trail-aneto.com\/fr\/wp-json\/wp\/v2\/media\/9287"}],"wp:attachment":[{"href":"https:\/\/trail-aneto.com\/fr\/wp-json\/wp\/v2\/media?parent=9283"}],"wp:term":[{"taxonomy":"category","embeddable":true,"href":"https:\/\/trail-aneto.com\/fr\/wp-json\/wp\/v2\/categories?post=9283"},{"taxonomy":"post_tag","embeddable":true,"href":"https:\/\/trail-aneto.com\/fr\/wp-json\/wp\/v2\/tags?post=9283"}],"curies":[{"name":"wp","href":"https:\/\/api.w.org\/{rel}","templated":true}]}}